{"id":2003,"date":"2025-12-18T10:00:03","date_gmt":"2025-12-18T10:00:03","guid":{"rendered":"http:\/\/med-br.net\/?p=2003"},"modified":"2026-01-29T16:17:49","modified_gmt":"2026-01-29T19:17:49","slug":"parecer-tecnico-trabalhista-mental","status":"publish","type":"post","link":"https:\/\/med-br.com\/psiquiatra-brasilia\/parecer-tecnico-trabalhista-mental\/","title":{"rendered":"Parecer T\u00e9cnico Trabalhista: Contestando o Nexo Causal em Casos de Burnout e Depress\u00e3o"},"content":{"rendered":"<p>O Parecer T\u00e9cnico Psiqui\u00e1trico na esfera trabalhista \u00e9 a an\u00e1lise pericial privada que visa estabelecer ou refutar o Nexo Causal (rela\u00e7\u00e3o de causa e efeito) entre as atividades laborais e o transtorno mental do trabalhador. \u00c9 fundamentado na Classifica\u00e7\u00e3o de Schilling e na Anamnese Ocupacional, sendo essencial para instruir processos de indeniza\u00e7\u00e3o por doen\u00e7a ocupacional, estabilidade provis\u00f3ria e pens\u00e3o vital\u00edcia.<\/p>\n<hr \/>\n<p>O ambiente corporativo tornou-se o principal palco de disputas sobre sa\u00fade mental no Brasil. De um lado, trabalhadores alegam que metas abusivas e ass\u00e9dio moral destru\u00edram sua sanidade. Do outro, empresas defendem que os transtornos s\u00e3o fruto de gen\u00e9tica, problemas familiares ou &#8220;vitimiza\u00e7\u00e3o&#8221;.<\/p>\n<p>No meio desse fogo cruzado est\u00e1 o Perito Judicial. Mas, como j\u00e1 vimos no nosso <a href=\"https:\/\/med-br.com\/psiquiatra-brasilia\/parecer-tecnico-psiquiatria-guia\/\">Guia sobre Pareceres T\u00e9cnicos<\/a>, o perito oficial nem sempre tem tempo ou especialidade para aprofundar a an\u00e1lise da din\u00e2mica organizacional.<\/p>\n<p>\u00c9 aqui que o <strong>Parecer T\u00e9cnico Trabalhista<\/strong> se torna a pe\u00e7a-chave. Ele n\u00e3o discute apenas &#8220;se a pessoa est\u00e1 doente&#8221;, mas investiga a origem da doen\u00e7a. O foco sai do indiv\u00edduo e vai para a rela\u00e7\u00e3o <strong>Indiv\u00edduo x Trabalho<\/strong>.<\/p>\n<h2>O Cora\u00e7\u00e3o da Disputa: O Nexo Causal e a Classifica\u00e7\u00e3o de Schilling<\/h2>\n<p>Para haver dever de indenizar, a lei brasileira exige a comprova\u00e7\u00e3o do Nexo Causal. N\u00e3o basta ter Burnout; tem que provar que foi <em>aquele<\/em> emprego que causou o Burnout.<\/p>\n<p>Nossos pareceres t\u00e9cnicos utilizam a metodologia de <strong>Schilling<\/strong> para enquadrar (ou desenquadrar) a responsabilidade da empresa:<\/p>\n<h3>Schilling I: Causa Necess\u00e1ria (O Trabalho \u00e9 o &#8220;Pai&#8221; da Doen\u00e7a)<\/h3>\n<p>S\u00e3o casos onde a doen\u00e7a <em>s\u00f3 existe<\/em> por causa do trabalho.<\/p>\n<p><strong>Exemplo:<\/strong> Transtorno de Estresse P\u00f3s-Traum\u00e1tico (TEPT) em um vigilante banc\u00e1rio ap\u00f3s ser feito ref\u00e9m em um assalto.<\/p>\n<p><strong>Atua\u00e7\u00e3o do Assistente:<\/strong> O parecer foca na gravidade do evento traum\u00e1tico e na cronologia imediata dos sintomas.<\/p>\n<h3>Schilling II: Concausa (O Trabalho \u00e9 a &#8220;Gota D&#8217;\u00e1gua&#8221;)<\/h3>\n<p>Aqui reside a maior parte das batalhas judiciais. O trabalhador j\u00e1 tinha uma predisposi\u00e7\u00e3o (gen\u00e9tica ou personalidade), mas o ambiente de trabalho agressivo &#8220;despertou&#8221; ou agravou a doen\u00e7a.<\/p>\n<p><strong>Exemplo:<\/strong> Funcion\u00e1rio com tra\u00e7os de ansiedade que desenvolve S\u00edndrome do P\u00e2nico ap\u00f3s ser humilhado publicamente pelo gestor.<\/p>\n<p><strong>Atua\u00e7\u00e3o do Assistente:<\/strong> Para a defesa da empresa, tentamos provar que a doen\u00e7a evoluiu de forma natural (end\u00f3gena). Para a defesa do trabalhador, provamos que sem o ass\u00e9dio, a doen\u00e7a estaria latente\/controlada.<\/p>\n<h3>Schilling III: Agravador de Doen\u00e7a Pr\u00e9-existente<\/h3>\n<p>O trabalho n\u00e3o causou, mas piorou temporariamente.<\/p>\n<p><strong>Exemplo:<\/strong> Um paciente com depress\u00e3o cr\u00f4nica que tem uma reca\u00edda leve por mudan\u00e7a de turno.<\/p>\n<p><strong>Consequ\u00eancia:<\/strong> Gera indeniza\u00e7\u00f5es menores, pois o nexo \u00e9 mais fraco.<\/p>\n<h2>Burnout (CID-11): A Invers\u00e3o do \u00d4nus da Prova<\/h2>\n<p>Com a entrada em vigor da CID-11, a S\u00edndrome de Burnout (QD85) foi classificada oficialmente como &#8220;fen\u00f4meno ocupacional&#8221;. Isso mudou a estrat\u00e9gia jur\u00eddica.<\/p>\n<p><strong>Para a Empresa (Reclamada):<\/strong> O risco aumentou. Se o perito diagnosticar Burnout, a culpa da empresa \u00e9 presumida. O <strong>Parecer T\u00e9cnico de Defesa<\/strong> deve focar no <em>Diagn\u00f3stico Diferencial<\/em>. Muitas vezes, o que parece Burnout \u00e9, na verdade, uma Depress\u00e3o Cl\u00e1ssica ou Transtorno de Adapta\u00e7\u00e3o (que n\u00e3o s\u00e3o necessariamente ocupacionais). O assistente t\u00e9cnico deve demonstrar que os crit\u00e9rios espec\u00edficos do Burnout (cinismo, despersonaliza\u00e7\u00e3o) n\u00e3o est\u00e3o presentes.<\/p>\n<p><strong>Para o Trabalhador (Reclamante):<\/strong> O Parecer deve detalhar a &#8220;Organiza\u00e7\u00e3o do Trabalho&#8221;. N\u00e3o basta dizer que o chefe \u00e9 mau. O parecer analisa e-mails, metas inating\u00edveis e falta de desconex\u00e3o (WhatsApp fora do hor\u00e1rio) para caracterizar o ambiente &#8220;burnoutante&#8221;.<\/p>\n<h2>Como o Parecer T\u00e9cnico Desmonta Laudos Ruins?<\/h2>\n<p>Muitos laudos periciais na Justi\u00e7a do Trabalho s\u00e3o feitos em 20 minutos, sem visita ao local de trabalho. Nesses casos, o Parecer T\u00e9cnico Divergente \u00e9 devastador. Veja os pontos que atacamos para impugnar o laudo:<\/p>\n<ol>\n<li><strong>Falta de Anamnese Ocupacional:<\/strong> O perito n\u00e3o perguntou o que o funcion\u00e1rio <em>realmente<\/em> fazia, baseando-se apenas no nome do cargo na carteira (CBO). O parecer corrige isso detalhando a atividade real (ex: &#8220;era contratado como vendedor, mas fazia cobran\u00e7a agressiva de inadimplentes&#8221;).<\/li>\n<li><strong>Ignorar Documentos do INSS:<\/strong> Se o INSS concedeu benef\u00edcio B91 (Acident\u00e1rio), j\u00e1 existe uma presun\u00e7\u00e3o administrativa de nexo. Se o perito judicial ignora isso sem justificar, o parecer aponta a contradi\u00e7\u00e3o t\u00e9cnica.<\/li>\n<li><strong>A Fal\u00e1cia da &#8220;Cura R\u00e1pida&#8221;:<\/strong> O perito avalia o trabalhador 2 anos ap\u00f3s a demiss\u00e3o e diz: &#8220;Est\u00e1 apto hoje, logo, nunca esteve doente&#8221;. O Parecer T\u00e9cnico resgata o hist\u00f3rico m\u00e9dico da \u00e9poca (prontu\u00e1rios antigos) para provar o sofrimento pret\u00e9rito (Dano Moral), mesmo que hoje haja capacidade laborativa.<\/li>\n<\/ol>\n<h2>Estrat\u00e9gia para Empresas: O Parecer de Viabilidade e Preven\u00e7\u00e3o<\/h2>\n<p>Empresas inteligentes n\u00e3o esperam o processo chegar. Elas contratam Assist\u00eancia T\u00e9cnica Preventiva.<\/p>\n<ul>\n<li><strong>An\u00e1lise de Absente\u00edsmo:<\/strong> Funcion\u00e1rios entregando muitos atestados psiqui\u00e1tricos? O m\u00e9dico assistente analisa se h\u00e1 um foco de ass\u00e9dio em determinado setor.<\/li>\n<li><strong>Acompanhamento de Per\u00edcia:<\/strong> Enviar um assistente t\u00e9cnico psiquiatra para a per\u00edcia inibe o trabalhador de simular sintomas (metassimula\u00e7\u00e3o) e garante que o perito oficial analise fatores extralaborais (div\u00f3rcio recente, luto, d\u00edvidas) que podem ser a verdadeira causa da doen\u00e7a.<\/li>\n<\/ul>\n<h2>Estrat\u00e9gia para Advogados de Reclamantes<\/h2>\n<p>O maior erro \u00e9 ir para a per\u00edcia confiando apenas na &#8220;dor&#8221; do cliente. A dor \u00e9 subjetiva; a prova \u00e9 objetiva.<\/p>\n<p>O <strong>Parecer T\u00e9cnico Pr\u00e9vio<\/strong> (anexado \u00e0 peti\u00e7\u00e3o inicial) serve para &#8220;enquadrar&#8221; o perito oficial desde o come\u00e7o. Quando o perito recebe o processo e j\u00e1 v\u00ea um parecer m\u00e9dico robusto explicando o nexo causal, ele tende a seguir aquela linha de racioc\u00ednio, ou ter\u00e1 muito mais trabalho para contradiz\u00ea-la.<\/p>\n<p>Al\u00e9m disso, a elabora\u00e7\u00e3o de Quesitos Estrat\u00e9gicos impede que o perito d\u00ea respostas evasivas que prejudiquem o trabalhador.<\/p>\n<h2>O Limbo Previdenci\u00e1rio Trabalhista<\/h2>\n<p>Uma situa\u00e7\u00e3o dram\u00e1tica onde o parecer \u00e9 essencial: o INSS d\u00e1 alta (diz que pode trabalhar), mas o M\u00e9dico do Trabalho da empresa diz que est\u00e1 inapto. O funcion\u00e1rio fica sem sal\u00e1rio e sem benef\u00edcio.<\/p>\n<p>Nesse caso, o Parecer T\u00e9cnico Psiqui\u00e1trico atua como o &#8220;\u00e1rbitro cient\u00edfico&#8221;, avaliando a capacidade real e fundamentando uma a\u00e7\u00e3o de restabelecimento de benef\u00edcio ou de reintegra\u00e7\u00e3o ao trabalho com readapta\u00e7\u00e3o de fun\u00e7\u00e3o.<\/p>\n<hr \/>\n<h2>Perguntas Frequentes (FAQ)<\/h2>\n<h3>1. A empresa \u00e9 obrigada a aceitar o parecer do meu m\u00e9dico particular?<\/h3>\n<p>Administrativamente, n\u00e3o. Mas judicialmente, o parecer do seu m\u00e9dico assistente (ou preferencialmente de um perito assistente) tem for\u00e7a de prova documental e deve ser confrontado com o laudo pericial oficial.<\/p>\n<h3>2. Como provar ass\u00e9dio moral na per\u00edcia m\u00e9dica?<\/h3>\n<p>O ass\u00e9dio moral n\u00e3o deixa marcas f\u00edsicas, mas deixa &#8220;cicatrizes ps\u00edquicas&#8221;. O parecer busca sintomas t\u00edpicos de trauma: hipervigil\u00e2ncia, choro ao falar do trabalho, pesadelos com o chefe e melhora dos sintomas nos finais de semana (Efeito L\u00e1zaro).<\/p>\n<h3>3. O que \u00e9 nexo concausal?<\/h3>\n<p>\u00c9 quando o trabalho n\u00e3o foi a \u00fanica causa, mas contribuiu para o agravamento da doen\u00e7a. Em termos de indeniza\u00e7\u00e3o, a concausa geralmente reduz o valor da condena\u00e7\u00e3o (ex: a empresa paga 50% do dano), mas ainda confirma a responsabilidade.<\/p>\n<h3>4. O perito pode visitar a empresa?<\/h3>\n<p>Sim. Chama-se Vistoria Ambiental. Se o perito se recusar a ir e o ambiente for fundamental para provar o nexo (ex: local barulhento, confinado ou hostil), o assistente t\u00e9cnico pode pedir a anula\u00e7\u00e3o do laudo por cerceamento de defesa.<\/p>\n<h3>5. Burnout d\u00e1 direito a estabilidade?<\/h3>\n<p>Sim. Se reconhecido o nexo causal (equiparado a acidente de trabalho), o trabalhador tem estabilidade de 12 meses no emprego ap\u00f3s o retorno do afastamento previdenci\u00e1rio (INSS).<\/p>\n<hr \/>\n<h2>Refer\u00eancias Bibliogr\u00e1ficas<\/h2>\n<ul>\n<li>BRASIL. Decreto-Lei n\u00ba 5.452, de 1\u00ba de maio de 1943. Consolida\u00e7\u00e3o das Leis do Trabalho (CLT).<\/li>\n<li>SCHILLING, R. S. F. More effective prevention in occupational health practice? Journal of the Society of Occupational Medicine, 1984.<\/li>\n<li>ORGANIZA\u00c7\u00c3O MUNDIAL DA SA\u00daDE. CID-11: Classifica\u00e7\u00e3o Estat\u00edstica Internacional de Doen\u00e7as e Problemas Relacionados com a Sa\u00fade. 2022.<\/li>\n<li>GLINA, D. M. R. Sa\u00fade Mental no Trabalho: da teoria \u00e0 pr\u00e1tica. S\u00e3o Paulo: Roca, 2010.<\/li>\n<li>MENDES, R. Patologia do Trabalho. 3. ed. S\u00e3o Paulo: Atheneu, 2013.<\/li>\n<\/ul>\n","protected":false},"excerpt":{"rendered":"<p>O Parecer T\u00e9cnico Psiqui\u00e1trico na esfera trabalhista \u00e9 a an\u00e1lise  [&#8230;]<\/p>\n","protected":false},"author":6,"featured_media":14770,"comment_status":"open","ping_status":"open","sticky":false,"template":"","format":"standard","meta":{"footnotes":""},"categories":[369],"tags":[354,378,377],"class_list":["post-2003","post","type-post","status-publish","format-standard","has-post-thumbnail","hentry","category-pareceres-tecnicos-e-jurisprudencia","tag-doenca-ocupacional","tag-indenizacao-por-danos-morais","tag-schilling-ii"],"_links":{"self":[{"href":"https:\/\/med-br.com\/psiquiatra-brasilia\/wp-json\/wp\/v2\/posts\/2003","targetHints":{"allow":["GET"]}}],"collection":[{"href":"https:\/\/med-br.com\/psiquiatra-brasilia\/wp-json\/wp\/v2\/posts"}],"about":[{"href":"https:\/\/med-br.com\/psiquiatra-brasilia\/wp-json\/wp\/v2\/types\/post"}],"author":[{"embeddable":true,"href":"https:\/\/med-br.com\/psiquiatra-brasilia\/wp-json\/wp\/v2\/users\/6"}],"replies":[{"embeddable":true,"href":"https:\/\/med-br.com\/psiquiatra-brasilia\/wp-json\/wp\/v2\/comments?post=2003"}],"version-history":[{"count":2,"href":"https:\/\/med-br.com\/psiquiatra-brasilia\/wp-json\/wp\/v2\/posts\/2003\/revisions"}],"predecessor-version":[{"id":15097,"href":"https:\/\/med-br.com\/psiquiatra-brasilia\/wp-json\/wp\/v2\/posts\/2003\/revisions\/15097"}],"wp:featuredmedia":[{"embeddable":true,"href":"https:\/\/med-br.com\/psiquiatra-brasilia\/wp-json\/wp\/v2\/media\/14770"}],"wp:attachment":[{"href":"https:\/\/med-br.com\/psiquiatra-brasilia\/wp-json\/wp\/v2\/media?parent=2003"}],"wp:term":[{"taxonomy":"category","embeddable":true,"href":"https:\/\/med-br.com\/psiquiatra-brasilia\/wp-json\/wp\/v2\/categories?post=2003"},{"taxonomy":"post_tag","embeddable":true,"href":"https:\/\/med-br.com\/psiquiatra-brasilia\/wp-json\/wp\/v2\/tags?post=2003"}],"curies":[{"name":"wp","href":"https:\/\/api.w.org\/{rel}","templated":true}]}}