{"id":15152,"date":"2026-03-03T11:03:46","date_gmt":"2026-03-03T14:03:46","guid":{"rendered":"https:\/\/med-br.com\/psiquiatra-brasilia\/?p=4004"},"modified":"2026-03-03T11:03:46","modified_gmt":"2026-03-03T14:03:46","slug":"interdicao-e-curatela-pericia","status":"publish","type":"post","link":"https:\/\/med-br.com\/psiquiatra-brasilia\/interdicao-e-curatela-pericia\/","title":{"rendered":"A\u00e7\u00e3o de Interdi\u00e7\u00e3o e Curatela: O Papel Fundamental da Per\u00edcia Psiqui\u00e1trica na Avalia\u00e7\u00e3o da Capacidade Civil"},"content":{"rendered":"<p>A per\u00edcia psiqui\u00e1trica em a\u00e7\u00f5es de interdi\u00e7\u00e3o \u00e9 o exame m\u00e9dico-legal que determina se uma pessoa possui o discernimento necess\u00e1rio para reger sua pr\u00f3pria vida e administrar seus bens. Ap\u00f3s o Estatuto da Pessoa com Defici\u00eancia (Lei 13.146\/2015), a interdi\u00e7\u00e3o tornou-se uma medida excepcional e, preferencialmente, restrita a atos de natureza patrimonial e negocial, sendo o laudo do psiquiatra forense o documento que define a extens\u00e3o da curatela e a necessidade de apoio ao interditando.<\/p>\n<hr \/>\n<p>A decis\u00e3o de iniciar um processo de interdi\u00e7\u00e3o \u00e9, quase sempre, um momento doloroso para a fam\u00edlia. Seja por conta de uma doen\u00e7a neurodegenerativa como o Alzheimer, um transtorno mental grave ou uma les\u00e3o cerebral, a pergunta central \u00e9: <em>&#8220;Ele(a) ainda tem autonomia para decidir sobre sua vida?&#8221;<\/em><\/p>\n<p>Na <a href=\"https:\/\/med-br.com\/psiquiatra-brasilia\/pericia-direito-da-familia-guia\/\">Psiquiatria Forense<\/a>, a interdi\u00e7\u00e3o n\u00e3o \u00e9 vista como a &#8220;morte civil&#8221; do indiv\u00edduo, mas como um mecanismo de prote\u00e7\u00e3o. A <strong>Dra. Tha\u00edssa Cruvinel<\/strong> explica abaixo como a per\u00edcia avalia a grada\u00e7\u00e3o da incapacidade e como a legisla\u00e7\u00e3o atual prioriza a dignidade do interditando.<\/p>\n<h2>O que mudou com o Estatuto da Pessoa com Defici\u00eancia (EPD)?<\/h2>\n<p>Antigamente, a interdi\u00e7\u00e3o costumava ser total: a pessoa perdia o direito de casar, votar e decidir sobre o pr\u00f3prio corpo. Com a Lei 13.146\/2015, isso mudou drasticamente:<\/p>\n<ul>\n<li><strong>Capacidade Presumida:<\/strong> A defici\u00eancia n\u00e3o significa mais, automaticamente, incapacidade civil.<\/li>\n<li><strong>Curatela Restrita:<\/strong> A interdi\u00e7\u00e3o hoje \u00e9 focada em <strong>direitos patrimoniais e negociais<\/strong> (vender im\u00f3veis, movimentar contas banc\u00e1rias, assinar contratos).<\/li>\n<li><strong>Tomada de Decis\u00e3o Apoiada:<\/strong> Uma alternativa menos severa \u00e0 interdi\u00e7\u00e3o, onde a pessoa escolhe apoiadores para ajud\u00e1-la em decis\u00f5es importantes.<\/li>\n<\/ul>\n<h2>O que o Perito Psiquiatra avalia no Exame?<\/h2>\n<p>Durante a per\u00edcia de interdi\u00e7\u00e3o, a <strong>Dra. Tha\u00edssa Cruvinel<\/strong> realiza um exame minucioso das fun\u00e7\u00f5es mentais superiores. N\u00e3o basta um diagn\u00f3stico m\u00e9dico (ex: &#8220;tem esquizofrenia&#8221;), \u00e9 preciso avaliar o <strong>nexo de incapacidade<\/strong>.<\/p>\n<h3>Fun\u00e7\u00f5es Mentais Analisadas:<\/h3>\n<ul>\n<li><strong>Orienta\u00e7\u00e3o:<\/strong> O indiv\u00edduo sabe quem \u00e9, onde est\u00e1 e em que data vive?<\/li>\n<li><strong>Mem\u00f3ria:<\/strong> Consegue reter informa\u00e7\u00f5es recentes e evocar fatos passados?<\/li>\n<li><strong>Racioc\u00ednio L\u00f3gico e Abstrato:<\/strong> Compreende o valor do dinheiro? Entende as consequ\u00eancias de vender um im\u00f3vel?<\/li>\n<li><strong>Pragmatismo:<\/strong> Consegue realizar tarefas b\u00e1sicas da vida di\u00e1ria e autocuidado?<\/li>\n<li><strong>Ju\u00edzo Cr\u00edtico:<\/strong> \u00c9 capaz de discernir entre o que lhe \u00e9 ben\u00e9fico ou prejudicial?<\/li>\n<\/ul>\n<h2>Doen\u00e7as que Frequentemente Levam \u00e0 Interdi\u00e7\u00e3o<\/h2>\n<figure class=\"wp-block-table\">\n<table border=\"1\">\n<thead>\n<tr>\n<th>Condi\u00e7\u00e3o Cl\u00ednica<\/th>\n<th>Impacto na Capacidade Civil<\/th>\n<\/tr>\n<\/thead>\n<tbody>\n<tr>\n<td><strong>Dem\u00eancias (Alzheimer, Vascular)<\/strong><\/td>\n<td>Perda progressiva da mem\u00f3ria e do ju\u00edzo cr\u00edtico.<\/td>\n<\/tr>\n<tr>\n<td><strong>Transtornos Psic\u00f3ticos Graves<\/strong><\/td>\n<td>Perda de contato com a realidade (del\u00edrios\/alucina\u00e7\u00f5es).<\/td>\n<\/tr>\n<tr>\n<td><strong>Defici\u00eancia Intelectual Severa<\/strong><\/td>\n<td>Limita\u00e7\u00e3o no desenvolvimento cognitivo para atos complexos.<\/td>\n<\/tr>\n<tr>\n<td><strong>Depend\u00eancia Qu\u00edmica\/Etilismo Cr\u00f4nico<\/strong><\/td>\n<td>Casos em que a compuls\u00e3o impede a gest\u00e3o financeira saud\u00e1vel.<\/td>\n<\/tr>\n<\/tbody>\n<\/table>\n<\/figure>\n<h2>Information Gain: O &#8220;Intervalo L\u00facido&#8221; e a Flutua\u00e7\u00e3o da Capacidade<\/h2>\n<blockquote><p><strong>Nota da Especialista:<\/strong> Um dos maiores desafios da per\u00edcia em idosos ou pacientes psiqui\u00e1tricos \u00e9 a flutua\u00e7\u00e3o do estado mental. Alguns pacientes apresentam o chamado &#8220;intervalo l\u00facido&#8221;, onde parecem perfeitamente capazes por algumas horas. O perito forense \u00e9 treinado para identificar se essa lucidez \u00e9 sustent\u00e1vel para a gest\u00e3o de bens a longo prazo ou se \u00e9 apenas uma oscila\u00e7\u00e3o moment\u00e2nea, garantindo que o laudo reflita a realidade cotidiana do indiv\u00edduo.<\/p><\/blockquote>\n<h2>Como se preparar para a Per\u00edcia de Interdi\u00e7\u00e3o?<\/h2>\n<p>Para que o laudo seja o mais preciso poss\u00edvel, os familiares devem levar para o dia do exame:<\/p>\n<ol>\n<li><strong>Relat\u00f3rios M\u00e9dicos Anteriores:<\/strong> Hist\u00f3rico de tratamentos e diagn\u00f3sticos.<\/li>\n<li><strong>Exames de Imagem:<\/strong> Resson\u00e2ncias ou Tomografias de cr\u00e2nio (essencial em casos de dem\u00eancia).<\/li>\n<li><strong>Receitas de Medicamentos:<\/strong> Lista do que o paciente utiliza atualmente.<\/li>\n<li><strong>Exemplos Pr\u00e1ticos:<\/strong> Relatar ao perito situa\u00e7\u00f5es reais onde a falta de discernimento ficou evidente (ex: doa\u00e7\u00e3o de bens a estranhos, esquecer o fog\u00e3o ligado, perda de no\u00e7\u00e3o do valor monet\u00e1rio).<\/li>\n<\/ol>\n<h2>O Papel do Assistente T\u00e9cnico na Interdi\u00e7\u00e3o<\/h2>\n<p>Contratar um <strong>Assistente T\u00e9cnico Psiquiatra<\/strong> \u00e9 fundamental tanto para a fam\u00edlia que busca a interdi\u00e7\u00e3o (para garantir que o laudo oficial n\u00e3o ignore sintomas sutis) quanto para o interditando que deseja manter sua autonomia (para provar que sua incapacidade \u00e9 apenas parcial). Entenda mais em Assist\u00eancia T\u00e9cnica em Per\u00edcias.<\/p>\n<hr \/>\n<h2>Perguntas Frequentes (FAQ)<\/h2>\n<h3>1. O interditado perde o direito de votar e casar?<\/h3>\n<p>Segundo o Estatuto da Pessoa com Defici\u00eancia, n\u00e3o. O direito ao voto, ao casamento e \u00e0 uni\u00e3o est\u00e1vel s\u00e3o mantidos, pois s\u00e3o atos de car\u00e1ter existencial e n\u00e3o patrimonial.<\/p>\n<h3>2. A interdi\u00e7\u00e3o pode ser revertida?<\/h3>\n<p>Sim. Caso a condi\u00e7\u00e3o m\u00e9dica melhore (ex: recupera\u00e7\u00e3o ap\u00f3s um AVC ou estabiliza\u00e7\u00e3o de um quadro psic\u00f3tico), pode-se entrar com uma a\u00e7\u00e3o de levantamento de interdi\u00e7\u00e3o, passando por nova per\u00edcia.<\/p>\n<h3>3. Quem pode ser o Curador?<\/h3>\n<p>Geralmente o c\u00f4njuge, companheiro, pais ou descendentes. O juiz decidir\u00e1 com base no melhor interesse do interditado, muitas vezes apoiado pelo parecer da per\u00edcia social.<\/p>\n<h3>4. O que acontece se o perito disser que a pessoa \u00e9 capaz?<\/h3>\n<p>O juiz provavelmente indeferir\u00e1 o pedido de interdi\u00e7\u00e3o. Nestes casos, o trabalho do assistente t\u00e9cnico na formula\u00e7\u00e3o de quesitos espec\u00edficos \u00e9 o que pode mudar o desfecho do processo.<\/p>\n<h3>5. A per\u00edcia de interdi\u00e7\u00e3o pode ser feita em casa ou no hospital?<\/h3>\n<p>Sim. Se o interditando estiver acamado ou impossibilitado de locomo\u00e7\u00e3o, o juiz pode determinar que o perito realize a dilig\u00eancia no local onde o paciente se encontra.<\/p>\n<hr \/>\n<h2>Refer\u00eancias Bibliogr\u00e1ficas<\/h2>\n<ul>\n<li>BRASIL. Lei n\u00ba 13.146 (Estatuto da Pessoa com Defici\u00eancia).<\/li>\n<li>ABDALLA-FILHO, E.; CHALUB, M.; TABORDA, J. G. V. Psiquiatria Forense. Artmed, 2024.<\/li>\n<li>DINIZ, Maria Helena. Curso de Direito Civil Brasileiro: Responsabilidade Civil. Saraiva, 2025.<\/li>\n<li>CONSELHO FEDERAL DE MEDICINA. Resolu\u00e7\u00e3o CFM n\u00ba 2.057\/2013 (Diretrizes para Per\u00edcias).<\/li>\n<\/ul>\n","protected":false},"excerpt":{"rendered":"<p>A per\u00edcia psiqui\u00e1trica em a\u00e7\u00f5es de interdi\u00e7\u00e3o \u00e9 o exame  [&#8230;]<\/p>\n","protected":false},"author":6,"featured_media":14769,"comment_status":"closed","ping_status":"closed","sticky":false,"template":"","format":"standard","meta":{"footnotes":""},"categories":[388],"tags":[],"class_list":["post-15152","post","type-post","status-publish","format-standard","has-post-thumbnail","hentry","category-pericia-direito-da-familia"],"_links":{"self":[{"href":"https:\/\/med-br.com\/psiquiatra-brasilia\/wp-json\/wp\/v2\/posts\/15152","targetHints":{"allow":["GET"]}}],"collection":[{"href":"https:\/\/med-br.com\/psiquiatra-brasilia\/wp-json\/wp\/v2\/posts"}],"about":[{"href":"https:\/\/med-br.com\/psiquiatra-brasilia\/wp-json\/wp\/v2\/types\/post"}],"author":[{"embeddable":true,"href":"https:\/\/med-br.com\/psiquiatra-brasilia\/wp-json\/wp\/v2\/users\/6"}],"replies":[{"embeddable":true,"href":"https:\/\/med-br.com\/psiquiatra-brasilia\/wp-json\/wp\/v2\/comments?post=15152"}],"version-history":[{"count":2,"href":"https:\/\/med-br.com\/psiquiatra-brasilia\/wp-json\/wp\/v2\/posts\/15152\/revisions"}],"predecessor-version":[{"id":15164,"href":"https:\/\/med-br.com\/psiquiatra-brasilia\/wp-json\/wp\/v2\/posts\/15152\/revisions\/15164"}],"wp:featuredmedia":[{"embeddable":true,"href":"https:\/\/med-br.com\/psiquiatra-brasilia\/wp-json\/wp\/v2\/media\/14769"}],"wp:attachment":[{"href":"https:\/\/med-br.com\/psiquiatra-brasilia\/wp-json\/wp\/v2\/media?parent=15152"}],"wp:term":[{"taxonomy":"category","embeddable":true,"href":"https:\/\/med-br.com\/psiquiatra-brasilia\/wp-json\/wp\/v2\/categories?post=15152"},{"taxonomy":"post_tag","embeddable":true,"href":"https:\/\/med-br.com\/psiquiatra-brasilia\/wp-json\/wp\/v2\/tags?post=15152"}],"curies":[{"name":"wp","href":"https:\/\/api.w.org\/{rel}","templated":true}]}}