{"id":15150,"date":"2026-03-03T10:58:05","date_gmt":"2026-03-03T13:58:05","guid":{"rendered":"https:\/\/med-br.com\/psiquiatra-brasilia\/?p=4002"},"modified":"2026-03-03T10:58:05","modified_gmt":"2026-03-03T13:58:05","slug":"pericia-na-disputa-de-guarda","status":"publish","type":"post","link":"https:\/\/med-br.com\/psiquiatra-brasilia\/pericia-na-disputa-de-guarda\/","title":{"rendered":"Per\u00edcia na Disputa de Guarda: Como o Perito Avalia a Aptid\u00e3o dos Pais e o Melhor Interesse da Crian\u00e7a"},"content":{"rendered":"<p>A per\u00edcia na disputa de guarda \u00e9 uma avalia\u00e7\u00e3o psicossocial e psiqui\u00e1trica determinada pelo juiz para identificar qual genitor possui melhores condi\u00e7\u00f5es emocionais, afetivas e psicol\u00f3gicas para exercer a guarda. O perito analisa a personalidade dos pais, a qualidade do v\u00ednculo com o filho e a capacidade de garantir um ambiente est\u00e1vel, sempre priorizando o princ\u00edpio jur\u00eddico do melhor interesse da crian\u00e7a acima dos conflitos do casal.<\/p>\n<hr \/>\n<p>Em um processo de separa\u00e7\u00e3o conflituosa, a disputa pela guarda dos filhos costuma ser o ponto de maior tens\u00e3o. Quando as alega\u00e7\u00f5es de um lado contradizem as do outro, o juiz recorre \u00e0 <a href=\"https:\/\/med-br.com\/psiquiatra-brasilia\/pericia-direito-da-familia-guia\/\"><strong>Per\u00edcia Psiqui\u00e1trica e Psicol\u00f3gica<\/strong><\/a>. O objetivo n\u00e3o \u00e9 determinar quem &#8220;ganhou&#8221; a briga, mas sim quem oferece o ambiente mais saud\u00e1vel para o neurodesenvolvimento do menor.<\/p>\n<p>Na vis\u00e3o da <strong>Dra. Tha\u00edssa Cruvinel<\/strong>, a per\u00edcia atua como um filtro cient\u00edfico que separa as m\u00e1goas do div\u00f3rcio da realidade da fun\u00e7\u00e3o parental. Entenda abaixo quais crit\u00e9rios s\u00e3o realmente levados em conta durante esse exame decisivo.<\/p>\n<h2>Crit\u00e9rios Avaliados na Per\u00edcia de Guarda<\/h2>\n<p>Diferente do que muitos pais acreditam, o perito n\u00e3o avalia apenas a condi\u00e7\u00e3o financeira. A an\u00e1lise \u00e9 profunda e multifatorial:<\/p>\n<h3>1. Aptid\u00e3o Parental e Estabilidade Emocional<\/h3>\n<p>Avalia-se a sa\u00fade mental dos genitores. A presen\u00e7a de um transtorno mental n\u00e3o exclui automaticamente a guarda, desde que o genitor esteja em tratamento e a doen\u00e7a n\u00e3o comprometa a seguran\u00e7a ou o cuidado com a crian\u00e7a. O foco \u00e9 a <strong>funcionalidade<\/strong>.<\/p>\n<h3>2. V\u00ednculo Afetivo<\/h3>\n<p>O perito observa a qualidade da conex\u00e3o entre pai\/m\u00e3e e filho. Isso \u00e9 feito atrav\u00e9s de entrevistas e, por vezes, observa\u00e7\u00e3o de intera\u00e7\u00e3o. Busca-se identificar se o v\u00ednculo \u00e9 seguro, ansioso ou evitativo.<\/p>\n<h3>3. Disponibilidade e Redes de Apoio<\/h3>\n<p>Quem tem tempo real para cuidar? Quem conta com apoio familiar estruturado? O perito analisa a rotina pr\u00e1tica e a capacidade de cada um em suprir as necessidades b\u00e1sicas e educacionais do menor.<\/p>\n<h2>O Conceito do &#8220;Melhor Interesse da Crian\u00e7a&#8221;<\/h2>\n<p>Este \u00e9 o norte de toda Per\u00edcia no Direito de Fam\u00edlia. O perito busca identificar qual configura\u00e7\u00e3o de guarda (compartilhada ou unilateral) proteger\u00e1 a crian\u00e7a de:<\/p>\n<ul>\n<li>Instabilidade emocional e mudan\u00e7as bruscas de rotina;<\/li>\n<li>Exposi\u00e7\u00e3o ao conflito direto entre os pais;<\/li>\n<li>Riscos de neglig\u00eancia ou abuso.<\/li>\n<\/ul>\n<p>Atualmente, a <strong>Guarda Compartilhada<\/strong> \u00e9 a regra no Brasil, visando a responsabiliza\u00e7\u00e3o conjunta. A per\u00edcia s\u00f3 sugerir\u00e1 a guarda unilateral em casos de risco comprovado ou total falta de aptid\u00e3o de uma das partes.<\/p>\n<h2>Como Funciona a Avalia\u00e7\u00e3o Pr\u00e1tica?<\/h2>\n<p>O exame pericial geralmente segue este cronograma:<\/p>\n<ol>\n<li><strong>Entrevistas Individuais:<\/strong> Cada genitor apresenta sua vers\u00e3o dos fatos e seu hist\u00f3rico de vida.<\/li>\n<li><strong>Avalia\u00e7\u00e3o do Menor:<\/strong> Dependendo da idade, a crian\u00e7a \u00e9 ouvida em ambiente l\u00fadico. O objetivo n\u00e3o \u00e9 faz\u00ea-la &#8220;escolher&#8221;, mas entender como ela percebe cada genitor.<\/li>\n<li><strong>Visita Domiciliar:<\/strong> Em alguns casos, assistentes sociais peritos visitam as resid\u00eancias para avaliar o ambiente f\u00edsico e social.<\/li>\n<\/ol>\n<h2>Information Gain: O &#8220;Pai de Vitrine&#8221; e a &#8220;M\u00e3e Perfeita&#8221;<\/h2>\n<blockquote><p><strong>Nota da Especialista:<\/strong> Durante a per\u00edcia, \u00e9 comum que os pais tentem performar uma perfei\u00e7\u00e3o inexistente ou foquem excessivamente em desqualificar o outro. O perito forense \u00e9 treinado para identificar a <strong>desejabilidade social<\/strong> (fingir ser quem n\u00e3o \u00e9). A tentativa de manipular o perito ou falar mal do outro genitor sem provas t\u00e9cnicas costuma ser vista como um sinal de baixa aptid\u00e3o para a guarda compartilhada, pois indica dificuldade em separar o papel de ex-c\u00f4njuge do papel de pai\/m\u00e3e.<\/p><\/blockquote>\n<h2>O Papel do Assistente T\u00e9cnico na Disputa de Guarda<\/h2>\n<p>Ter um assistente t\u00e9cnico em um caso de guarda \u00e9 fundamental para garantir que a din\u00e2mica familiar seja interpretada corretamente. Ele ajuda a formular os quesitos que o perito oficial responder\u00e1, garantindo que pontos cruciais da sa\u00fade mental do menor n\u00e3o sejam ignorados. Entenda mais em Assist\u00eancia T\u00e9cnica Forense.<\/p>\n<hr \/>\n<h2>Perguntas Frequentes (FAQ)<\/h2>\n<h3>1. A crian\u00e7a pode escolher com quem quer morar?<\/h3>\n<p>N\u00e3o h\u00e1 uma idade legal fixa para a &#8220;escolha&#8221;, mas quanto mais velha a crian\u00e7a, maior o peso da sua opini\u00e3o (geralmente ap\u00f3s os 12 anos). No entanto, o perito avalia se essa vontade \u00e9 genu\u00edna ou fruto de Aliena\u00e7\u00e3o Parental.<\/p>\n<h3>2. O perito pode pedir exame toxicol\u00f3gico?<\/h3>\n<p>Se houver alega\u00e7\u00f5es fundamentadas de abuso de subst\u00e2ncias que coloquem a crian\u00e7a em risco, o perito pode sugerir ao juiz a realiza\u00e7\u00e3o de exames complementares.<\/p>\n<h3>3. E se o laudo for desfavor\u00e1vel a mim?<\/h3>\n<p>\u00c9 a\u00ed que entra o trabalho do seu assistente t\u00e9cnico. Ele poder\u00e1 analisar o laudo em busca de falhas metodol\u00f3gicas e apresentar um parecer cr\u00edtico para contestar ou esclarecer pontos obscuros perante o juiz.<\/p>\n<h3>4. O que n\u00e3o devo fazer na hora da per\u00edcia?<\/h3>\n<p>Evite mentir, tentar decorar respostas ou focar o tempo todo em ataques pessoais ao ex-parceiro. Demonstre que sua prioridade \u00e9 o bem-estar e a sa\u00fade mental do seu filho.<\/p>\n<h3>5. Ter depress\u00e3o me faz perder a guarda?<\/h3>\n<p>N\u00e3o. Sofrer de um transtorno mental controlado n\u00e3o impede o exerc\u00edcio da maternidade ou paternidade. O que o perito avalia \u00e9 se a condi\u00e7\u00e3o atual compromete o cuidado direto com o menor.<\/p>\n<hr \/>\n<h2>Refer\u00eancias Bibliogr\u00e1ficas<\/h2>\n<ul>\n<li>GOMES, L. B. Per\u00edcia Psicol\u00f3gica e Psiqui\u00e1trica na Disputa de Guarda. Ed. Forense, 2023.<\/li>\n<li>CONSELHO FEDERAL DE PSICOLOGIA. Refer\u00eancias T\u00e9cnicas para Atua\u00e7\u00e3o em Varas de Fam\u00edlia.<\/li>\n<li>TABORDA, J. G. V. Psiquiatria Forense no Direito Civil. Artmed, 2024.<\/li>\n<li>BRASIL. Lei n\u00ba 13.058 (Lei da Guarda Compartilhada).<\/li>\n<\/ul>\n","protected":false},"excerpt":{"rendered":"<p>A per\u00edcia na disputa de guarda \u00e9 uma avalia\u00e7\u00e3o psicossocial  [&#8230;]<\/p>\n","protected":false},"author":6,"featured_media":15046,"comment_status":"closed","ping_status":"closed","sticky":false,"template":"","format":"standard","meta":{"footnotes":""},"categories":[388],"tags":[],"class_list":["post-15150","post","type-post","status-publish","format-standard","has-post-thumbnail","hentry","category-pericia-direito-da-familia"],"_links":{"self":[{"href":"https:\/\/med-br.com\/psiquiatra-brasilia\/wp-json\/wp\/v2\/posts\/15150","targetHints":{"allow":["GET"]}}],"collection":[{"href":"https:\/\/med-br.com\/psiquiatra-brasilia\/wp-json\/wp\/v2\/posts"}],"about":[{"href":"https:\/\/med-br.com\/psiquiatra-brasilia\/wp-json\/wp\/v2\/types\/post"}],"author":[{"embeddable":true,"href":"https:\/\/med-br.com\/psiquiatra-brasilia\/wp-json\/wp\/v2\/users\/6"}],"replies":[{"embeddable":true,"href":"https:\/\/med-br.com\/psiquiatra-brasilia\/wp-json\/wp\/v2\/comments?post=15150"}],"version-history":[{"count":3,"href":"https:\/\/med-br.com\/psiquiatra-brasilia\/wp-json\/wp\/v2\/posts\/15150\/revisions"}],"predecessor-version":[{"id":15160,"href":"https:\/\/med-br.com\/psiquiatra-brasilia\/wp-json\/wp\/v2\/posts\/15150\/revisions\/15160"}],"wp:featuredmedia":[{"embeddable":true,"href":"https:\/\/med-br.com\/psiquiatra-brasilia\/wp-json\/wp\/v2\/media\/15046"}],"wp:attachment":[{"href":"https:\/\/med-br.com\/psiquiatra-brasilia\/wp-json\/wp\/v2\/media?parent=15150"}],"wp:term":[{"taxonomy":"category","embeddable":true,"href":"https:\/\/med-br.com\/psiquiatra-brasilia\/wp-json\/wp\/v2\/categories?post=15150"},{"taxonomy":"post_tag","embeddable":true,"href":"https:\/\/med-br.com\/psiquiatra-brasilia\/wp-json\/wp\/v2\/tags?post=15150"}],"curies":[{"name":"wp","href":"https:\/\/api.w.org\/{rel}","templated":true}]}}