{"id":15122,"date":"2026-02-12T14:29:47","date_gmt":"2026-02-12T17:29:47","guid":{"rendered":"https:\/\/med-br.com\/psiquiatra-brasilia\/?p=3004"},"modified":"2026-02-12T14:29:47","modified_gmt":"2026-02-12T17:29:47","slug":"sono-e-saude-mental","status":"publish","type":"post","link":"https:\/\/med-br.com\/psiquiatra-brasilia\/sono-e-saude-mental\/","title":{"rendered":"Sono e Sa\u00fade Mental: Como a Depress\u00e3o e a Ansiedade Destroem o Descanso Noturno"},"content":{"rendered":"<p>A rela\u00e7\u00e3o entre o sono e a sa\u00fade mental \u00e9 bidirecional: dist\u00farbios do sono podem desencadear transtornos psiqui\u00e1tricos, enquanto a ansiedade e a depress\u00e3o frequentemente manifestam-se atrav\u00e9s da ins\u00f4nia ou hipersonia. Tratar o sono \u00e9 parte fundamental da remiss\u00e3o de quadros mentais, pois \u00e9 durante o sono REM que o c\u00e9rebro processa emo\u00e7\u00f5es e estabiliza a neuroqu\u00edmica essencial para o equil\u00edbrio do humor.<\/p>\n<hr \/>\n<p>Muitas pessoas acreditam que a dificuldade para dormir \u00e9 apenas um &#8220;efeito colateral&#8221; de estar ansioso ou triste. No entanto, na <a href=\"https:\/\/med-br.com\/psiquiatra-brasilia\/medicina-do-sono-guia\/\">Medicina do Sono <\/a>e na Psiquiatria moderna, entendemos que o sono \u00e9 o alicerce da regula\u00e7\u00e3o emocional. Quando voc\u00ea n\u00e3o dorme, seu c\u00e9rebro perde a capacidade de filtrar est\u00edmulos negativos, tornando o mundo um lugar muito mais amea\u00e7ador e exaustivo.<\/p>\n<p>Se voc\u00ea sofre de um transtorno mental, o sono n\u00e3o \u00e9 um luxo, \u00e9 parte do seu rem\u00e9dio. A <strong>Dra. Tha\u00edssa Cruvinel<\/strong> explica como a depress\u00e3o, a ansiedade e o transtorno bipolar interagem com o seu rel\u00f3gio biol\u00f3gico e o que pode ser feito para quebrar esse ciclo vicioso.<\/p>\n<h2>A Via de M\u00e3o Dupla: O Sono como Causa e Sintoma<\/h2>\n<p>Historicamente, a ins\u00f4nia era vista apenas como um sintoma da depress\u00e3o. Hoje, estudos mostram que pessoas com ins\u00f4nia cr\u00f4nica t\u00eam <strong>duas vezes mais chances<\/strong> de desenvolver depress\u00e3o ao longo da vida do que aquelas que dormem bem. Isso ocorre porque a priva\u00e7\u00e3o de sono afeta a am\u00edgdala cerebral, o centro das nossas emo\u00e7\u00f5es, deixando-a hiperativa.<\/p>\n<h3>1. Ansiedade e o Estado de Hiperalerta<\/h3>\n<p>A ansiedade \u00e9 o &#8220;inimigo n\u00famero 1&#8221; da indu\u00e7\u00e3o do sono. O transtorno de ansiedade generalizada (TAG) mant\u00e9m o corpo em estado de luta ou fuga. O cortisol (horm\u00f4nio do estresse) permanece alto \u00e0 noite, impedindo a libera\u00e7\u00e3o natural de melatonina.<\/p>\n<ul>\n<li><strong>O padr\u00e3o:<\/strong> Dificuldade em iniciar o sono devido a pensamentos acelerados (rumina\u00e7\u00e3o).<\/li>\n<li><strong>A solu\u00e7\u00e3o:<\/strong> T\u00e9cnicas de relaxamento aliadas ao tratamento psiqui\u00e1trico. Veja mais em Tratamento da Ins\u00f4nia.<\/li>\n<\/ul>\n<h3>2. Depress\u00e3o e o Despertar Precoce<\/h3>\n<p>Na depress\u00e3o, a arquitetura do sono \u00e9 profundamente alterada. O paciente pode entrar no sono REM (fase dos sonhos) muito cedo e ter um sono profundo (N3) muito curto e fragmentado.<\/p>\n<ul>\n<li><strong>O padr\u00e3o:<\/strong> Acordar \u00e0s 3h ou 4h da manh\u00e3 com sensa\u00e7\u00e3o de ang\u00fastia e n\u00e3o conseguir voltar a dormir.<\/li>\n<li><strong>Hipersonia:<\/strong> Em alguns tipos de depress\u00e3o, o paciente dorme demais (mais de 10h), mas acorda sem energia, o que chamamos de sono n\u00e3o restaurador.<\/li>\n<\/ul>\n<h3>3. Transtorno Bipolar e a Necessidade de Sono<\/h3>\n<p>Aqui, o sono \u00e9 o melhor &#8220;term\u00f4metro&#8221; da doen\u00e7a. Na fase de mania ou hipomania, o paciente sente que <strong>n\u00e3o precisa dormir<\/strong>. Ele passa noites em claro com energia total. J\u00e1 na fase depressiva, o sono se torna pesado e excessivo. Estabilizar o sono \u00e9 a regra n\u00famero um para evitar crises de humor.<\/p>\n<h2>O Papel do Sono REM no Processamento Emocional<\/h2>\n<p>Voc\u00ea j\u00e1 percebeu que um problema parece menor ap\u00f3s uma boa noite de sono? Isso n\u00e3o \u00e9 coincid\u00eancia. Durante o sono REM, o c\u00e9rebro realiza uma esp\u00e9cie de &#8220;terapia noturna&#8221;. Ele processa mem\u00f3rias dif\u00edceis, retirando a carga emocional dolorosa e mantendo apenas o aprendizado.<\/p>\n<p>Sem o sono REM adequado:<\/p>\n<ol>\n<li>Ficamos mais reativos a cr\u00edticas;<\/li>\n<li>Aumenta a impulsividade;<\/li>\n<li>A capacidade de resolver problemas simples diminui drasticamente.<\/li>\n<\/ol>\n<h2>Information Gain: O Impacto dos Psicof\u00e1rmacos no Sono<\/h2>\n<blockquote><p><strong>Nota da Especialista:<\/strong> Um ponto que poucos pacientes conhecem \u00e9 que alguns antidepressivos e ansiol\u00edticos, embora ajudem no humor, podem fragmentar a arquitetura do sono ou causar efeitos como o bruxismo e movimentos de pernas. Por isso, o tratamento psiqui\u00e1trico deve ser sempre personalizado. \u00c0s vezes, ajustar o hor\u00e1rio da medica\u00e7\u00e3o ou a dosagem \u00e9 o que falta para o paciente finalmente atingir o sono profundo restaurador.<\/p><\/blockquote>\n<h2>Como quebrar o ciclo entre Ins\u00f4nia e Doen\u00e7a Mental?<\/h2>\n<p>Para pacientes psiqui\u00e1tricos, o tratamento deve ser combinado. N\u00e3o basta tomar um antidepressivo se voc\u00ea continua com h\u00e1bitos que destroem o seu ritmo circadiano.<\/p>\n<ul>\n<li><strong>Trate o sono como prioridade:<\/strong> Se a ins\u00f4nia persistir ap\u00f3s a melhora do humor, ela deve ser tratada como um dist\u00farbio independente.<\/li>\n<li><strong>Higiene do Sono rigorosa:<\/strong> Pacientes ansiosos precisam de um &#8220;ritual de desligamento&#8221; mais longo. Confira nosso Protocolo de Higiene do Sono.<\/li>\n<li><strong>Avalia\u00e7\u00e3o F\u00edsica:<\/strong> Muitas vezes, a depress\u00e3o mascara uma Apneia do Sono. O paciente acha que est\u00e1 sem energia pela depress\u00e3o, mas \u00e9 a falta de oxig\u00eanio noturna que est\u00e1 causando o cansa\u00e7o.<\/li>\n<\/ul>\n<hr \/>\n<h2>Perguntas Frequentes (FAQ)<\/h2>\n<h3>1. Ansiedade causa pesadelos?<\/h3>\n<p>Sim. O estado de alerta elevado durante o dia reflete no conte\u00fado dos sonhos durante o sono REM, tornando os pesadelos mais frequentes e v\u00edvidos, o que pode gerar medo de dormir (sonofobia).<\/p>\n<h3>2. Dormir mal pode causar surto psic\u00f3tico?<\/h3>\n<p>A priva\u00e7\u00e3o extrema de sono (v\u00e1rios dias sem dormir) pode sim desencadear sintomas psic\u00f3ticos, como alucina\u00e7\u00f5es e del\u00edrios, mesmo em pessoas sem hist\u00f3rico de transtornos mentais, devido \u00e0 desorganiza\u00e7\u00e3o neuroqu\u00edmica cerebral.<\/p>\n<h3>3. Por que me sinto pior de manh\u00e3 se dormi a noite toda?<\/h3>\n<p>Isso pode ser sinal de sono n\u00e3o restaurador. Na depress\u00e3o, o sono \u00e9 quimicamente &#8220;pobre&#8221; em est\u00e1gios profundos. Al\u00e9m disso, a &#8220;in\u00e9rcia do sono&#8221; \u00e9 mais forte em pacientes com transtornos de humor.<\/p>\n<h3>4. Rem\u00e9dio para dormir vicia a mente?<\/h3>\n<p>O v\u00edcio psicol\u00f3gico (achar que s\u00f3 dorme com o rem\u00e9dio) \u00e9 comum. O ideal \u00e9 que o medicamento seja uma &#8220;ponte&#8221; enquanto se trata a causa base e se implementam mudan\u00e7as comportamentais.<\/p>\n<h3>5. O que \u00e9 o ritmo circadiano e por que ele importa na depress\u00e3o?<\/h3>\n<p>\u00c9 o seu rel\u00f3gio interno. Na depress\u00e3o, esse rel\u00f3gio costuma estar &#8220;atrasado&#8221; ou &#8220;achatado&#8221;. Expor-se \u00e0 luz solar pela manh\u00e3 e evitar luz forte \u00e0 noite ajuda a sincronizar esse ritmo e melhorar o humor.<\/p>\n<hr \/>\n<h2>Refer\u00eancias Bibliogr\u00e1ficas<\/h2>\n<ul>\n<li>WALKER, Matthew. Por que n\u00f3s dormimos: A nova ci\u00eancia do sono e do sonho. Intr\u00ednseca, 2018.<\/li>\n<li>FREEMAN, D., et al. The effects of improving sleep on mental health issues. The Lancet Psychiatry, 2017.<\/li>\n<li>DALGALARRONDO, P. Psicopatologia e Semiologia dos Transtornos Mentais. Artmed, 2019.<\/li>\n<li>BAGLIONI, C., et al. Sleep and mental disorders: A meta-analysis of polysomnographic research. Psychological Bulletin, 2016.<\/li>\n<\/ul>\n","protected":false},"excerpt":{"rendered":"<p>A rela\u00e7\u00e3o entre o sono e a sa\u00fade mental \u00e9  [&#8230;]<\/p>\n","protected":false},"author":6,"featured_media":15129,"comment_status":"closed","ping_status":"closed","sticky":false,"template":"","format":"standard","meta":{"footnotes":""},"categories":[387],"tags":[],"class_list":["post-15122","post","type-post","status-publish","format-standard","has-post-thumbnail","hentry","category-medicina-do-sono"],"_links":{"self":[{"href":"https:\/\/med-br.com\/psiquiatra-brasilia\/wp-json\/wp\/v2\/posts\/15122","targetHints":{"allow":["GET"]}}],"collection":[{"href":"https:\/\/med-br.com\/psiquiatra-brasilia\/wp-json\/wp\/v2\/posts"}],"about":[{"href":"https:\/\/med-br.com\/psiquiatra-brasilia\/wp-json\/wp\/v2\/types\/post"}],"author":[{"embeddable":true,"href":"https:\/\/med-br.com\/psiquiatra-brasilia\/wp-json\/wp\/v2\/users\/6"}],"replies":[{"embeddable":true,"href":"https:\/\/med-br.com\/psiquiatra-brasilia\/wp-json\/wp\/v2\/comments?post=15122"}],"version-history":[{"count":2,"href":"https:\/\/med-br.com\/psiquiatra-brasilia\/wp-json\/wp\/v2\/posts\/15122\/revisions"}],"predecessor-version":[{"id":15141,"href":"https:\/\/med-br.com\/psiquiatra-brasilia\/wp-json\/wp\/v2\/posts\/15122\/revisions\/15141"}],"wp:featuredmedia":[{"embeddable":true,"href":"https:\/\/med-br.com\/psiquiatra-brasilia\/wp-json\/wp\/v2\/media\/15129"}],"wp:attachment":[{"href":"https:\/\/med-br.com\/psiquiatra-brasilia\/wp-json\/wp\/v2\/media?parent=15122"}],"wp:term":[{"taxonomy":"category","embeddable":true,"href":"https:\/\/med-br.com\/psiquiatra-brasilia\/wp-json\/wp\/v2\/categories?post=15122"},{"taxonomy":"post_tag","embeddable":true,"href":"https:\/\/med-br.com\/psiquiatra-brasilia\/wp-json\/wp\/v2\/tags?post=15122"}],"curies":[{"name":"wp","href":"https:\/\/api.w.org\/{rel}","templated":true}]}}