{"id":15120,"date":"2026-02-12T14:24:52","date_gmt":"2026-02-12T17:24:52","guid":{"rendered":"https:\/\/med-br.com\/psiquiatra-brasilia\/?p=3002"},"modified":"2026-02-12T14:24:52","modified_gmt":"2026-02-12T17:24:52","slug":"insonia-tratamento","status":"publish","type":"post","link":"https:\/\/med-br.com\/psiquiatra-brasilia\/insonia-tratamento\/","title":{"rendered":"Ins\u00f4nia Cr\u00f4nica: Causas, Sintomas e os Tratamentos Mais Eficazes para Voltar a Dormir"},"content":{"rendered":"<p>A Ins\u00f4nia Cr\u00f4nica \u00e9 um dist\u00farbio do sono caracterizado pela dificuldade persistente em iniciar, manter ou consolidar o sono, ocorrendo pelo menos tr\u00eas vezes por semana por tr\u00eas meses ou mais. O tratamento mais eficaz e recomendado internacionalmente \u00e9 a Terapia Cognitivo-Comportamental para Ins\u00f4nia (TCC-I), que atua na reestrutura\u00e7\u00e3o dos pensamentos e comportamentos que impedem o descanso natural.<\/p>\n<hr \/>\n<p>Ficar rolando na cama, olhar para o rel\u00f3gio a cada hora e sentir a ansiedade crescer \u00e0 medida que o sol nasce. Se essa \u00e9 a sua rotina, voc\u00ea faz parte dos 73 milh\u00f5es de brasileiros que sofrem com a ins\u00f4nia. No entanto, o que muitos ignoram \u00e9 que a ins\u00f4nia n\u00e3o \u00e9 apenas &#8220;falta de sono&#8221;, mas um estado de hiperalerta biol\u00f3gico.<\/p>\n<p>Na <a href=\"https:\/\/med-br.com\/psiquiatra-brasilia\/medicina-do-sono-guia\/\">Medicina do Sono<\/a>, entendemos que a ins\u00f4nia cr\u00f4nica funciona como um ciclo vicioso: o medo de n\u00e3o dormir gera o estresse que, por sua vez, impede o c\u00e9rebro de relaxar. Para quebrar esse ciclo, \u00e9 preciso mais do que um sedativo; \u00e9 necess\u00e1rio um diagn\u00f3stico preciso das causas subjacentes.<\/p>\n<p>A <strong>Dra. Tha\u00edssa Cruvinel<\/strong> explica abaixo por que voc\u00ea n\u00e3o consegue dormir e quais s\u00e3o os caminhos cient\u00edficos para recuperar suas noites.<\/p>\n<h2>Os Tipos de Ins\u00f4nia: Qual \u00e9 o seu Padr\u00e3o?<\/h2>\n<p>Identificar o momento em que o sono falha \u00e9 o primeiro passo para o tratamento correto. A ins\u00f4nia pode ser classificada em tr\u00eas momentos:<\/p>\n<ul>\n<li><strong>Ins\u00f4nia Inicial (ou de Concilia\u00e7\u00e3o):<\/strong> Dificuldade em pegar no sono. Comumente ligada \u00e0 ansiedade e \u00e0 dificuldade de &#8220;desligar&#8221; o c\u00e9rebro.<\/li>\n<li><strong>Ins\u00f4nia de Manuten\u00e7\u00e3o:<\/strong> O paciente dorme, mas acorda v\u00e1rias vezes durante a noite e demora a voltar. Frequentemente associada \u00e0 apneia ou dores cr\u00f4nicas.<\/li>\n<li><strong>Ins\u00f4nia Terminal (Despertar Precoce):<\/strong> Acordar muito antes do hor\u00e1rio desejado (ex: 4h da manh\u00e3) sem conseguir dormir mais. \u00c9 um sintoma cl\u00e1ssico de quadros depressivos.<\/li>\n<\/ul>\n<h2>Causas da Ins\u00f4nia: Por que o C\u00e9rebro n\u00e3o &#8220;Desliga&#8221;?<\/h2>\n<p>A ins\u00f4nia raramente surge do nada. Ela \u00e9 alimentada pelo modelo dos &#8220;3 Ps&#8221;:<\/p>\n<ol>\n<li><strong>Fatores Predisponentes:<\/strong> Gen\u00e9tica, tra\u00e7os de personalidade ansiosa ou hist\u00f3rico familiar.<\/li>\n<li><strong>Fatores Precipitantes:<\/strong> Um evento estressante (div\u00f3rcio, perda de emprego, luto) que inicia a dificuldade de sono.<\/li>\n<li><strong>Fatores Perpetuadores:<\/strong> S\u00e3o os h\u00e1bitos que voc\u00ea cria para &#8220;tentar&#8221; dormir, mas que acabam piorando a situa\u00e7\u00e3o, como ficar na cama sem sono, tirar cochilos longos durante o dia ou usar o celular para passar o tempo na madrugada.<\/li>\n<\/ol>\n<h2>O Tratamento Padr\u00e3o-Ouro: TCC-I<\/h2>\n<p>Ao contr\u00e1rio do senso comum, o tratamento n\u00famero 1 para ins\u00f4nia cr\u00f4nica n\u00e3o \u00e9 o &#8220;tarja preta&#8221;. A <strong>Terapia Cognitivo-Comportamental para Ins\u00f4nia (TCC-I)<\/strong> provou ser superior aos medicamentos a longo prazo por um motivo simples: ela ensina o c\u00e9rebro a dormir novamente.<\/p>\n<p>Os pilares da TCC-I incluem:<\/p>\n<ul>\n<li><strong>Restri\u00e7\u00e3o de Sono:<\/strong> Limitar o tempo na cama apenas ao tempo em que voc\u00ea realmente dorme, aumentando a &#8220;press\u00e3o de sono&#8221;.<\/li>\n<li><strong>Controle de Est\u00edmulos:<\/strong> Reeducar o c\u00e9rebro para que ele entenda que a cama \u00e9 lugar de sono (e sexo), n\u00e3o de preocupa\u00e7\u00e3o ou telas.<\/li>\n<li><strong>Higiene do Sono Estruturada:<\/strong> Ajustes no ambiente e rotina. Detalhamos este protocolo em nosso artigo sobre Higiene do Sono.<\/li>\n<\/ul>\n<h2>Medicamentos: Quando s\u00e3o Necess\u00e1rios?<\/h2>\n<p>O uso de f\u00e1rmacos pode ser um aliado importante em fases agudas ou quando a ins\u00f4nia est\u00e1 atrelada a outros transtornos psiqui\u00e1tricos. No entanto, deve ser feito sob rigoroso acompanhamento m\u00e9dico para evitar o efeito rebote e a depend\u00eancia.<\/p>\n<figure class=\"wp-block-table\">\n<table border=\"1\">\n<thead>\n<tr>\n<th>Classe Medicamentosa<\/th>\n<th>Indica\u00e7\u00e3o T\u00edpica<\/th>\n<th>Risco \/ Observa\u00e7\u00e3o<\/th>\n<\/tr>\n<\/thead>\n<tbody>\n<tr>\n<td><strong>Z-Drugs (Zolpidem, Eszopiclona)<\/strong><\/td>\n<td>Indu\u00e7\u00e3o r\u00e1pida do sono.<\/td>\n<td>Risco de sonambulismo e depend\u00eancia.<\/td>\n<\/tr>\n<tr>\n<td><strong>Antidepressivos Sedativos<\/strong><\/td>\n<td>Ins\u00f4nia com depress\u00e3o\/ansiedade.<\/td>\n<td>N\u00e3o geram depend\u00eancia qu\u00edmica cl\u00e1ssica.<\/td>\n<\/tr>\n<tr>\n<td><strong>Agonistas de Melatonina<\/strong><\/td>\n<td>Ajuste de ciclo circadiano.<\/td>\n<td>Efeito leve, focado em &#8220;acertar o rel\u00f3gio&#8221;.<\/td>\n<\/tr>\n<tr>\n<td><strong>Antagonistas de Orexina<\/strong><\/td>\n<td>Casos de hiperalerta persistente.<\/td>\n<td>Tecnologia mais moderna dispon\u00edvel no mercado.<\/td>\n<\/tr>\n<\/tbody>\n<\/table>\n<\/figure>\n<h2>Information Gain: A Ins\u00f4nia como Mecanismo de Defesa<\/h2>\n<blockquote><p><strong>Nota da Especialista:<\/strong> Neurologicamente, a ins\u00f4nia cr\u00f4nica \u00e9 um estado de &#8220;vigil\u00e2ncia&#8221; constante. O c\u00e9rebro primitivo entende que, se voc\u00ea est\u00e1 estressado ou em perigo (mesmo que seja um perigo emocional), dormir \u00e9 arriscado. O tratamento eficaz consiste em sinalizar ao sistema l\u00edmbico que o ambiente \u00e9 seguro. Por isso, t\u00e9cnicas de relaxamento e biofeedback s\u00e3o t\u00e3o importantes quanto a pr\u00f3pria medica\u00e7\u00e3o.<\/p><\/blockquote>\n<h2>O Impacto da Ins\u00f4nia na Sa\u00fade e no Trabalho<\/h2>\n<p>N\u00e3o tratar a ins\u00f4nia \u00e9 um risco acumulativo. A priva\u00e7\u00e3o cr\u00f4nica de sono causa:<\/p>\n<ul>\n<li><strong>D\u00e9ficit Cognitivo:<\/strong> Dificuldade de concentra\u00e7\u00e3o, lapsos de mem\u00f3ria e lentid\u00e3o no racioc\u00ednio.<\/li>\n<li><strong>Desregula\u00e7\u00e3o Emocional:<\/strong> Irritabilidade, baixa toler\u00e2ncia ao estresse e risco aumentado de transtornos depressivos e ansiosos.<\/li>\n<li><strong>Risco Cardiovascular:<\/strong> Aumento da press\u00e3o arterial e inflama\u00e7\u00e3o sist\u00eamica.<\/li>\n<\/ul>\n<hr \/>\n<h2>Perguntas Frequentes (FAQ)<\/h2>\n<h3>1. Zolpidem causa perda de mem\u00f3ria?<\/h3>\n<p>O uso inadequado e prolongado pode sim causar lapsos de mem\u00f3ria e epis\u00f3dios de amn\u00e9sia anter\u00f3grada (esquecer o que fez logo ap\u00f3s tomar o rem\u00e9dio). Por isso, deve ser tomado exatamente no momento de fechar os olhos.<\/p>\n<h3>2. Ch\u00e1s naturais funcionam para ins\u00f4nia cr\u00f4nica?<\/h3>\n<p>Para ins\u00f4nias leves ou ocasionais, camomila e valeriana podem ajudar no relaxamento. Para a ins\u00f4nia cr\u00f4nica (mais de 3 meses), eles raramente s\u00e3o suficientes como tratamento \u00fanico, funcionando apenas como suporte \u00e0 higiene do sono.<\/p>\n<h3>3. Devo ficar na cama mesmo sem sono para tentar dormir?<\/h3>\n<p><strong>N\u00e3o.<\/strong> Esse \u00e9 um dos maiores erros. Se em 20 minutos voc\u00ea n\u00e3o dormiu, saia da cama, v\u00e1 para outro ambiente com luz baixa e fa\u00e7a uma atividade mon\u00f3tona. S\u00f3 volte para a cama quando o sono reaparecer. Isso evita a associa\u00e7\u00e3o da cama com a frustra\u00e7\u00e3o.<\/p>\n<h3>4. A ins\u00f4nia pode ser um sintoma de outra doen\u00e7a?<\/h3>\n<p>Sim. Frequentemente a ins\u00f4nia \u00e9 &#8220;secund\u00e1ria&#8221; a problemas como apneia do sono, refluxo gastroesof\u00e1gico, hipertireoidismo ou dores cr\u00f4nicas. O exame de <a href=\"\/exame-polissonografia\/\">Polissonografia<\/a> ajuda a descartar essas causas f\u00edsicas.<\/p>\n<h3>5. Atividade f\u00edsica \u00e0 noite causa ins\u00f4nia?<\/h3>\n<p>Para algumas pessoas, o aumento da temperatura corporal e da adrenalina pode dificultar o in\u00edcio do sono. O ideal \u00e9 treinar at\u00e9 3 ou 4 horas antes do hor\u00e1rio de deitar.<\/p>\n<hr \/>\n<h2>Refer\u00eancias Bibliogr\u00e1ficas<\/h2>\n<ul>\n<li>MORIN, C. M.; ESPOSITO, C. A. Insomnia Disorder. Nature Reviews Disease Primers, 2016.<\/li>\n<li>ASSOCIA\u00c7\u00c3O BRASILEIRA DO SONO. I Consenso Brasileiro de Ins\u00f4nia. 2023.<\/li>\n<li>AMERICAN ACADEMY OF SLEEP MEDICINE. Clinical Practice Guideline for the Pharmacologic Treatment of Chronic Insomnia in Adults.<\/li>\n<li>WALKER, Matthew. Por que n\u00f3s dormimos: A nova ci\u00eancia do sono e do sonho. Intr\u00ednseca, 2018.<\/li>\n<\/ul>\n","protected":false},"excerpt":{"rendered":"<p>A Ins\u00f4nia Cr\u00f4nica \u00e9 um dist\u00farbio do sono caracterizado pela  [&#8230;]<\/p>\n","protected":false},"author":6,"featured_media":15128,"comment_status":"closed","ping_status":"closed","sticky":false,"template":"","format":"standard","meta":{"footnotes":""},"categories":[387],"tags":[],"class_list":["post-15120","post","type-post","status-publish","format-standard","has-post-thumbnail","hentry","category-medicina-do-sono"],"_links":{"self":[{"href":"https:\/\/med-br.com\/psiquiatra-brasilia\/wp-json\/wp\/v2\/posts\/15120","targetHints":{"allow":["GET"]}}],"collection":[{"href":"https:\/\/med-br.com\/psiquiatra-brasilia\/wp-json\/wp\/v2\/posts"}],"about":[{"href":"https:\/\/med-br.com\/psiquiatra-brasilia\/wp-json\/wp\/v2\/types\/post"}],"author":[{"embeddable":true,"href":"https:\/\/med-br.com\/psiquiatra-brasilia\/wp-json\/wp\/v2\/users\/6"}],"replies":[{"embeddable":true,"href":"https:\/\/med-br.com\/psiquiatra-brasilia\/wp-json\/wp\/v2\/comments?post=15120"}],"version-history":[{"count":2,"href":"https:\/\/med-br.com\/psiquiatra-brasilia\/wp-json\/wp\/v2\/posts\/15120\/revisions"}],"predecessor-version":[{"id":15134,"href":"https:\/\/med-br.com\/psiquiatra-brasilia\/wp-json\/wp\/v2\/posts\/15120\/revisions\/15134"}],"wp:featuredmedia":[{"embeddable":true,"href":"https:\/\/med-br.com\/psiquiatra-brasilia\/wp-json\/wp\/v2\/media\/15128"}],"wp:attachment":[{"href":"https:\/\/med-br.com\/psiquiatra-brasilia\/wp-json\/wp\/v2\/media?parent=15120"}],"wp:term":[{"taxonomy":"category","embeddable":true,"href":"https:\/\/med-br.com\/psiquiatra-brasilia\/wp-json\/wp\/v2\/categories?post=15120"},{"taxonomy":"post_tag","embeddable":true,"href":"https:\/\/med-br.com\/psiquiatra-brasilia\/wp-json\/wp\/v2\/tags?post=15120"}],"curies":[{"name":"wp","href":"https:\/\/api.w.org\/{rel}","templated":true}]}}