{"id":15119,"date":"2026-02-12T14:23:08","date_gmt":"2026-02-12T17:23:08","guid":{"rendered":"https:\/\/med-br.com\/psiquiatra-brasilia\/?p=3001"},"modified":"2026-02-12T14:34:15","modified_gmt":"2026-02-12T17:34:15","slug":"medicina-do-sono-guia","status":"publish","type":"post","link":"https:\/\/med-br.com\/psiquiatra-brasilia\/medicina-do-sono-guia\/","title":{"rendered":"Medicina do Sono: O Guia Completo para Diagn\u00f3stico e Tratamento dos Dist\u00farbios do Sono (2026)"},"content":{"rendered":"<p>A Medicina do Sono \u00e9 a especialidade m\u00e9dica dedicada ao estudo, diagn\u00f3stico e tratamento das fun\u00e7\u00f5es biol\u00f3gicas durante o repouso e dos dist\u00farbios que afetam o descanso. Ela \u00e9 indicada para pacientes com ins\u00f4nia, apneia, ronco ou sonol\u00eancia excessiva, oferecendo melhoria na sa\u00fade mental, cardiovascular e na qualidade de vida global atrav\u00e9s de tratamentos cl\u00ednicos e comportamentais.<\/p>\n<hr \/>\n<h2>O que \u00e9 Medicina do Sono e por que ela \u00e9 Vital para sua Sa\u00fade?<\/h2>\n<p>Dormir n\u00e3o \u00e9 um estado passivo de desligamento, mas um processo biol\u00f3gico altamente ativo e essencial. A <strong>Medicina do Sono<\/strong> atua justamente na interface entre a neurologia, a psiquiatria e a pneumologia para garantir que os est\u00e1gios do sono ocorram de forma restauradora.<\/p>\n<p>No Brasil, cerca de 65% da popula\u00e7\u00e3o relata problemas relacionados ao sono, segundo a Associa\u00e7\u00e3o Brasileira do Sono (ABS). O sono de m\u00e1 qualidade n\u00e3o causa apenas cansa\u00e7o; ele \u00e9 um gatilho para quadros graves de ansiedade, depress\u00e3o, hipertens\u00e3o arterial e at\u00e9 decl\u00ednio cognitivo precoce (Alzheimer).<\/p>\n<p>Neste guia, a <strong>Dra. Tha\u00edssa Cruvinel<\/strong> detalha como identificar se o seu cansa\u00e7o \u00e9 comum ou se voc\u00ea sofre de um dist\u00farbio que exige interven\u00e7\u00e3o m\u00e9dica especializada.<\/p>\n<h3>A Arquitetura do Sono: Entenda como voc\u00ea Dorme<\/h3>\n<p>Um sono saud\u00e1vel \u00e9 composto por ciclos que se repetem durante a noite. Cada est\u00e1gio tem uma fun\u00e7\u00e3o espec\u00edfica para o corpo e a mente:<\/p>\n<figure class=\"wp-block-table\">\n<table border=\"1\">\n<thead>\n<tr>\n<th>Est\u00e1gio do Sono<\/th>\n<th>Fun\u00e7\u00e3o Principal<\/th>\n<th>Impacto na Sa\u00fade<\/th>\n<\/tr>\n<\/thead>\n<tbody>\n<tr>\n<td><strong>Sono NREM 1 e 2 (Leve)<\/strong><\/td>\n<td>Transi\u00e7\u00e3o e redu\u00e7\u00e3o do ritmo card\u00edaco.<\/td>\n<td>In\u00edcio do relaxamento muscular.<\/td>\n<\/tr>\n<tr>\n<td><strong>Sono NREM 3 (Profundo)<\/strong><\/td>\n<td>Restaura\u00e7\u00e3o f\u00edsica e libera\u00e7\u00e3o de horm\u00f4nios (GH).<\/td>\n<td>Recupera\u00e7\u00e3o de tecidos e fortalecimento do sistema imune.<\/td>\n<\/tr>\n<tr>\n<td><strong>Sono REM<\/strong><\/td>\n<td>Processamento emocional e consolida\u00e7\u00e3o da mem\u00f3ria.<\/td>\n<td>Fundamental para a sa\u00fade mental e criatividade.<\/td>\n<\/tr>\n<\/tbody>\n<\/table>\n<\/figure>\n<p>Se voc\u00ea acorda com a sensa\u00e7\u00e3o de &#8220;atropelamento&#8221;, \u00e9 prov\u00e1vel que n\u00e3o esteja atingindo o sono profundo ou o sono REM devido a microdespertares constantes.<\/p>\n<h2>Os Principais Dist\u00farbios Tratados pela Medicina do Sono<\/h2>\n<p>Existem mais de 80 dist\u00farbios catalogados. Abaixo, detalhamos os mais frequentes na pr\u00e1tica cl\u00ednica:<\/p>\n<h3>1. Ins\u00f4nia Cr\u00f4nica<\/h3>\n<p>A ins\u00f4nia n\u00e3o \u00e9 apenas a dificuldade de pegar no sono, mas tamb\u00e9m o despertar precoce ou o sono fragmentado. Quando ocorre mais de tr\u00eas vezes por semana por um per\u00edodo longo, torna-se uma patologia.<\/p>\n<p>Diferente do que muitos pensam, o tratamento padr\u00e3o-ouro n\u00e3o \u00e9 o uso cr\u00f4nico de sedativos, mas a <strong>Terapia Cognitivo-Comportamental para Ins\u00f4nia (TCC-I)<\/strong>. Entenda mais no nosso guia sobre<a href=\"https:\/\/med-br.com\/psiquiatra-brasilia\/insonia-tratamento\/\"> Tratamentos Modernos para Ins\u00f4nia.<\/a><\/p>\n<h3>2. Apneia Obstrutiva do Sono (SAOS)<\/h3>\n<p>Caracterizada por paradas respirat\u00f3rias durante a noite. O ronco alto \u00e9 o principal sinal de alerta. A apneia reduz a oxigena\u00e7\u00e3o no sangue e sobrecarrega o cora\u00e7\u00e3o. Para casos moderados e graves, o uso do CPAP \u00e9 o tratamento de escolha. Saiba mais em<a href=\"https:\/\/med-br.com\/psiquiatra-brasilia\/apneia-obstrutiva-do-sono\/\"> Apneia do Sono: Riscos e Solu\u00e7\u00f5es.<\/a><\/p>\n<h3>3. S\u00edndrome das Pernas Inquietas<\/h3>\n<p>Uma necessidade incontrol\u00e1vel de mover as pernas, geralmente ao deitar. Tem forte liga\u00e7\u00e3o com os n\u00edveis de ferro no c\u00e9rebro e neurotransmissores como a dopamina.<\/p>\n<h3>4. Parassonias (Sonambulismo e Terror Noturno)<\/h3>\n<p>Comportamentos anormais durante o sono que podem colocar o paciente em risco f\u00edsico. Exigem avalia\u00e7\u00e3o neurol\u00f3gica e psiqui\u00e1trica detalhada.<\/p>\n<h2>O Impacto do Sono na Sa\u00fade Mental<\/h2>\n<p>Existe uma via de m\u00e3o dupla entre o sono e a psiquiatria. A falta de sono aumenta os n\u00edveis de cortisol (estresse), enquanto a ansiedade impede o relaxamento necess\u00e1rio para dormir. Em quadros de depress\u00e3o, a altera\u00e7\u00e3o do sono costuma ser o primeiro sintoma a aparecer e o \u00faltimo a desaparecer.<\/p>\n<p>Investigamos essa rela\u00e7\u00e3o profunda em nosso artigo sobre <a href=\"https:\/\/med-br.com\/psiquiatra-brasilia\/sono-e-saude-mental\/\">Sono, Depress\u00e3o e Ansiedade.<\/a><\/p>\n<h2>Diagn\u00f3stico: Como funciona o Exame de Polissonografia?<\/h2>\n<p>O &#8220;padr\u00e3o-ouro&#8221; para diagnosticar qualquer dist\u00farbio do sono \u00e9 a <strong>Polissonografia<\/strong>. Neste exame, o paciente dorme em um laborat\u00f3rio especializado (ou em domic\u00edlio com aparelhos port\u00e1teis) monitorado por sensores que registram:<\/p>\n<ul>\n<li>Atividade cerebral (EEG);<\/li>\n<li>Frequ\u00eancia card\u00edaca e oxigena\u00e7\u00e3o;<\/li>\n<li>Movimentos respirat\u00f3rios e das pernas.<\/li>\n<\/ul>\n<p>Sem o exame, o tratamento \u00e9 baseado em suposi\u00e7\u00f5es. Com a polissonografia, o m\u00e9dico tem um mapa exato da sua noite. Veja como se preparar para o exame aqui: <a href=\"https:\/\/med-br.com\/psiquiatra-brasilia\/exame-polissonografia\/\">Guia da Polissonografia.<\/a><\/p>\n<h2>Information Gain: O Mito da Melatonina<\/h2>\n<blockquote><p><strong>Nota da Dra. Tha\u00edssa Cruvinel:<\/strong> Muitas pessoas acreditam que a melatonina \u00e9 um &#8220;son\u00edfero natural&#8221; que resolve qualquer ins\u00f4nia. Na verdade, a melatonina \u00e9 um cronobi\u00f3tico \u2014 ela sinaliza ao corpo que \u00e9 noite. Se sua ins\u00f4nia \u00e9 causada por ansiedade ou apneia, tomar melatonina n\u00e3o resolver\u00e1 o problema e pode mascarar a necessidade de um tratamento espec\u00edfico. O uso deve ser sempre orientado para n\u00e3o desregular seu rel\u00f3gio biol\u00f3gico.<\/p><\/blockquote>\n<h2>O Protocolo de Higiene do Sono<\/h2>\n<p>Antes de recorrer a medicamentos, todo paciente deve implementar a <strong>Higiene do Sono<\/strong>. Pequenas mudan\u00e7as no ambiente e no comportamento podem restaurar o ciclo circadiano sem aux\u00edlio qu\u00edmico.<\/p>\n<p>As regras b\u00e1sicas incluem:<\/p>\n<ol>\n<li><strong>Controle de Luz Azul:<\/strong> Desligar telas (celular\/TV) 60 minutos antes de deitar.<\/li>\n<li><strong>Regularidade:<\/strong> Deitar e acordar no mesmo hor\u00e1rio, inclusive aos finais de semana.<\/li>\n<li><strong>Ambiente T\u00e9rmico:<\/strong> O quarto deve estar levemente fresco (em torno de 18\u00b0C a 22\u00b0C).<\/li>\n<\/ol>\n<p>Confira o protocolo completo de 10 passos: <a href=\"https:\/\/med-br.com\/psiquiatra-brasilia\/higiene-do-sono-protocolo\/\">Manual Pr\u00e1tico de Higiene do Sono.<\/a><\/p>\n<hr \/>\n<h2>Perguntas Frequentes (FAQ)<\/h2>\n<h3>1. Quantas horas de sono s\u00e3o realmente necess\u00e1rias?<\/h3>\n<p>A m\u00e9dia para adultos \u00e9 de 7 a 9 horas. Contudo, a gen\u00e9tica define se voc\u00ea \u00e9 um &#8220;dormidor curto&#8221; ou &#8220;dormidor longo&#8221;. O teste real \u00e9 como voc\u00ea se sente durante o dia: se precisa de caf\u00e9 ou cochilos para funcionar, n\u00e3o est\u00e1 dormindo o suficiente.<\/p>\n<h3>2. O ronco sempre indica apneia?<\/h3>\n<p>Nem sempre, mas \u00e9 o sintoma mais comum. O ronco \u00e9 o som da vibra\u00e7\u00e3o dos tecidos da garganta. Se acompanhado de cansa\u00e7o diurno, boca seca ao acordar e dor de cabe\u00e7a matinal, a chance de apneia \u00e9 alta.<\/p>\n<h3>3. Posso me viciar em rem\u00e9dios para dormir?<\/h3>\n<p>Benzodiazep\u00ednicos (&#8220;tarjas pretas&#8221;) t\u00eam alto potencial de depend\u00eancia e toler\u00e2ncia. Medicamentos modernos, como os agonistas de melatonina ou antidepressivos sedativos, s\u00e3o mais seguros, mas o foco deve ser sempre tratar a causa base e n\u00e3o apenas o sintoma.<\/p>\n<h3>4. \u00c1lcool ajuda a dormir melhor?<\/h3>\n<p>Mito. O \u00e1lcool \u00e9 um sedativo que facilita o in\u00edcio do sono, mas fragmenta a segunda metade da noite, impedindo o sono REM e o sono profundo. O resultado \u00e9 um sono de p\u00e9ssima qualidade.<\/p>\n<h3>5. O que \u00e9 o Ciclo Circadiano?<\/h3>\n<p>\u00c9 o nosso rel\u00f3gio biol\u00f3gico interno de 24 horas. Ele regula o sono, a fome, a temperatura corporal e a libera\u00e7\u00e3o de horm\u00f4nios. A luz solar \u00e9 o principal sincronizador deste ciclo.<\/p>\n<h3>6. Caf\u00e9 \u00e0 tarde atrapalha o sono?<\/h3>\n<p>Sim. A meia-vida da cafe\u00edna \u00e9 de cerca de 6 horas. Se voc\u00ea toma caf\u00e9 \u00e0s 16h, \u00e0s 22h metade da cafe\u00edna ainda est\u00e1 no seu sistema bloqueando os receptores de adenosina (o horm\u00f4nio do cansa\u00e7o).<\/p>\n<h3>7. Crian\u00e7as podem ter dist\u00farbios do sono?<\/h3>\n<p>Sim, terror noturno e apneia (causada por am\u00edgdalas aumentadas) s\u00e3o comuns. O sono \u00e9 crucial para o neurodesenvolvimento infantil.<\/p>\n<h3>8. O que \u00e9 paralisia do sono?<\/h3>\n<p>\u00c9 uma falha tempor\u00e1ria de sincronia entre o c\u00e9rebro e os m\u00fasculos ao acordar ou adormecer durante o sono REM. \u00c9 inofensivo, mas assustador, e costuma estar ligado a priva\u00e7\u00e3o de sono ou estresse.<\/p>\n<h3>9. Dormir demais faz mal?<\/h3>\n<p>Hipers\u00f4nia (dormir mais de 10-11 horas regularmente) pode estar associada a dist\u00farbios inflamat\u00f3rios, depress\u00e3o ou outras condi\u00e7\u00f5es m\u00e9dicas latentes.<\/p>\n<h3>10. Atividade f\u00edsica ajuda no sono?<\/h3>\n<p>Muito. O exerc\u00edcio aumenta a press\u00e3o de sono e a libera\u00e7\u00e3o de endorfinas. No entanto, deve ser evitado at\u00e9 3 horas antes de dormir para n\u00e3o elevar demais a temperatura corporal.<\/p>\n<hr \/>\n<h2>Refer\u00eancias Bibliogr\u00e1ficas<\/h2>\n<ul>\n<li>ASSOCIA\u00c7\u00c3O BRASILEIRA DO SONO (ABS). Diretrizes Brasileiras de Medicina do Sono. 2024.<\/li>\n<li>KRYGER, M. H.; ROTH, T.; DEMENT, W. C. Principles and Practice of Sleep Medicine. 7th ed. Elsevier, 2022.<\/li>\n<li>AMERICAN ACADEMY OF SLEEP MEDICINE (AASM). International Classification of Sleep Disorders &#8211; 3rd Edition (ICSD-3).<\/li>\n<li>DALGALARRONDO, P. Psicopatologia e Semiologia dos Transtornos Mentais. Artmed, 2019.<\/li>\n<li>NATIONAL SLEEP FOUNDATION. Healthy Sleep Guidelines. [2025\/2026 Update].<\/li>\n<\/ul>\n","protected":false},"excerpt":{"rendered":"<p>A Medicina do Sono \u00e9 a especialidade m\u00e9dica dedicada ao  [&#8230;]<\/p>\n","protected":false},"author":6,"featured_media":15125,"comment_status":"closed","ping_status":"closed","sticky":false,"template":"","format":"standard","meta":{"footnotes":""},"categories":[387],"tags":[],"class_list":["post-15119","post","type-post","status-publish","format-standard","has-post-thumbnail","hentry","category-medicina-do-sono"],"_links":{"self":[{"href":"https:\/\/med-br.com\/psiquiatra-brasilia\/wp-json\/wp\/v2\/posts\/15119","targetHints":{"allow":["GET"]}}],"collection":[{"href":"https:\/\/med-br.com\/psiquiatra-brasilia\/wp-json\/wp\/v2\/posts"}],"about":[{"href":"https:\/\/med-br.com\/psiquiatra-brasilia\/wp-json\/wp\/v2\/types\/post"}],"author":[{"embeddable":true,"href":"https:\/\/med-br.com\/psiquiatra-brasilia\/wp-json\/wp\/v2\/users\/6"}],"replies":[{"embeddable":true,"href":"https:\/\/med-br.com\/psiquiatra-brasilia\/wp-json\/wp\/v2\/comments?post=15119"}],"version-history":[{"count":4,"href":"https:\/\/med-br.com\/psiquiatra-brasilia\/wp-json\/wp\/v2\/posts\/15119\/revisions"}],"predecessor-version":[{"id":15144,"href":"https:\/\/med-br.com\/psiquiatra-brasilia\/wp-json\/wp\/v2\/posts\/15119\/revisions\/15144"}],"wp:featuredmedia":[{"embeddable":true,"href":"https:\/\/med-br.com\/psiquiatra-brasilia\/wp-json\/wp\/v2\/media\/15125"}],"wp:attachment":[{"href":"https:\/\/med-br.com\/psiquiatra-brasilia\/wp-json\/wp\/v2\/media?parent=15119"}],"wp:term":[{"taxonomy":"category","embeddable":true,"href":"https:\/\/med-br.com\/psiquiatra-brasilia\/wp-json\/wp\/v2\/categories?post=15119"},{"taxonomy":"post_tag","embeddable":true,"href":"https:\/\/med-br.com\/psiquiatra-brasilia\/wp-json\/wp\/v2\/tags?post=15119"}],"curies":[{"name":"wp","href":"https:\/\/api.w.org\/{rel}","templated":true}]}}