{"id":1006,"date":"2025-12-18T10:00:06","date_gmt":"2025-12-18T10:00:06","guid":{"rendered":"http:\/\/med-br.net\/?p=1006"},"modified":"2025-12-19T08:45:06","modified_gmt":"2025-12-19T11:45:06","slug":"psiquiatria-na-vara-de-familia","status":"publish","type":"post","link":"https:\/\/med-br.com\/psiquiatra-brasilia\/psiquiatria-na-vara-de-familia\/","title":{"rendered":"Psiquiatria na Vara de Fam\u00edlia: Disputas de Guarda e Aliena\u00e7\u00e3o Parental sob \u00d3tica M\u00e9dica"},"content":{"rendered":"<p>A Per\u00edcia Psiqui\u00e1trica na Vara de Fam\u00edlia \u00e9 o procedimento t\u00e9cnico destinado a avaliar a sa\u00fade mental dos genitores e da crian\u00e7a em processos de div\u00f3rcio litigioso. O objetivo central n\u00e3o \u00e9 julgar quem \u00e9 o &#8220;melhor pai ou m\u00e3e&#8221;, mas identificar se existem transtornos mentais, riscos de abuso ou aliena\u00e7\u00e3o parental que comprometam o desenvolvimento emocional do menor, garantindo o princ\u00edpio do Melhor Interesse da Crian\u00e7a.<\/p>\n<hr \/>\n<p>De todas as \u00e1reas da <a href=\"https:\/\/med-br.com\/psiquiatra-brasilia\/psiquiatria-forense\/\">Psiquiatria Forense<\/a>, a atua\u00e7\u00e3o na Vara de Fam\u00edlia \u00e9, sem d\u00favida, a mais delicada. Enquanto na esfera criminal lidamos com o passado (o crime que aconteceu), na esfera de fam\u00edlia lidamos com o futuro (a sa\u00fade mental de uma crian\u00e7a que ainda est\u00e1 se formando).<\/p>\n<p>Em processos de separa\u00e7\u00e3o conturbados, \u00e9 comum que acusa\u00e7\u00f5es graves sejam trocadas. &#8220;Ele \u00e9 narcisista&#8221;, &#8220;Ela \u00e9 bipolar&#8221;, &#8220;Ele abusa da crian\u00e7a&#8221;, &#8220;Ela est\u00e1 fazendo aliena\u00e7\u00e3o&#8221;. O juiz, diante desse fogo cruzado de narrativas, nomeia um perito (psiquiatra ou psic\u00f3logo) para ser seus olhos e ouvidos t\u00e9cnicos.<\/p>\n<p>Neste guia, vamos desmistificar o que acontece dentro da sala de per\u00edcia em disputas de guarda e regulamenta\u00e7\u00e3o de visitas.<\/p>\n<h2>O Princ\u00edpio do &#8220;Melhor Interesse da Crian\u00e7a&#8221;<\/h2>\n<p>Antes de entender a patologia, \u00e9 preciso entender a regra do jogo. O perito n\u00e3o est\u00e1 l\u00e1 para defender o Pai ou a M\u00e3e. O &#8220;cliente&#8221; do perito \u00e9 a Crian\u00e7a.<\/p>\n<p>Isso significa que, mesmo que um pai tenha um transtorno mental controlado (como depress\u00e3o leve), se ele tiver um v\u00ednculo afetivo forte e saud\u00e1vel com o filho, a per\u00edcia pode ser favor\u00e1vel a ele. A doen\u00e7a mental, por si s\u00f3, n\u00e3o desqualifica a parentalidade. O que desqualifica \u00e9 o <strong>comportamento de risco<\/strong> ou a <strong>incapacidade de cuidar<\/strong>.<\/p>\n<h2>O Fantasma da Aliena\u00e7\u00e3o Parental (Lei 12.318\/2010)<\/h2>\n<p>A Aliena\u00e7\u00e3o Parental \u00e9 uma forma de abuso psicol\u00f3gico onde um dos genitores (o alienador) programa a crian\u00e7a para odiar ou temer o outro genitor (o alienado), sem justificativa real. Isso cria falsas mem\u00f3rias e pode destruir o v\u00ednculo filial para sempre.<\/p>\n<p>Na per\u00edcia m\u00e9dica, buscamos sinais sutis, n\u00e3o apenas o que a crian\u00e7a fala. A crian\u00e7a alienada muitas vezes repete o discurso do adulto com palavras que n\u00e3o s\u00e3o da sua idade (o &#8220;discurso decorado&#8221;).<\/p>\n<h3>Sinais Cl\u00ednicos de Aliena\u00e7\u00e3o que o Perito Investiga:<\/h3>\n<ul>\n<li><strong>Campanha de Desqualifica\u00e7\u00e3o:<\/strong> A crian\u00e7a deprecia o genitor alvo de forma cruel, sem culpa ou ambival\u00eancia (ningu\u00e9m \u00e9 100% mau, mas para o alienado, o outro pai \u00e9 um monstro).<\/li>\n<li><strong>Racionaliza\u00e7\u00e3o Fraca:<\/strong> Ao ser perguntada &#8220;por que voc\u00ea n\u00e3o quer ver seu pai?&#8221;, a crian\u00e7a d\u00e1 motivos f\u00fateis (&#8220;porque ele fala alto&#8221; ou &#8220;porque a sopa dele \u00e9 ruim&#8221;), que n\u00e3o justificam o \u00f3dio desproporcional.<\/li>\n<li><strong>Fen\u00f4meno do Pensador Independente:<\/strong> A crian\u00e7a insiste que &#8220;ningu\u00e9m mandou ela falar aquilo&#8221;, que \u00e9 uma ideia s\u00f3 dela (uma defesa cl\u00e1ssica da aliena\u00e7\u00e3o).<\/li>\n<\/ul>\n<h2>Tipos de Guarda e a Avalia\u00e7\u00e3o Psiqui\u00e1trica<\/h2>\n<p>A disputa geralmente gira em torno do modelo de guarda. O psiquiatra avalia se os pais t\u00eam condi\u00e7\u00f5es emocionais para cada modelo:<\/p>\n<figure class=\"wp-block-table\">\n<table>\n<thead>\n<tr>\n<th>Tipo de Guarda<\/th>\n<th>Defini\u00e7\u00e3o Jur\u00eddica<\/th>\n<th>Avalia\u00e7\u00e3o Psiqui\u00e1trica Necess\u00e1ria<\/th>\n<\/tr>\n<\/thead>\n<tbody>\n<tr>\n<td><strong>Guarda Compartilhada (Regra)<\/strong><\/td>\n<td>Decis\u00f5es conjuntas sobre a vida da crian\u00e7a. Tempo de conviv\u00eancia equilibrado.<\/td>\n<td>Exige que os pais, apesar de separados, consigam ter um &#8220;di\u00e1logo civilizado&#8221; m\u00ednimo sobre a crian\u00e7a. Pais com Transtorno de Personalidade Antissocial ou Narcisista dificultam esse modelo.<\/td>\n<\/tr>\n<tr>\n<td><strong>Guarda Unilateral<\/strong><\/td>\n<td>Um decide, o outro apenas supervisiona e visita.<\/td>\n<td>Indicada quando um dos genitores apresenta risco (viol\u00eancia, abuso de subst\u00e2ncias, neglig\u00eancia grave) ou incapacidade ps\u00edquica severa.<\/td>\n<\/tr>\n<tr>\n<td><strong>Guarda Alternada<\/strong><\/td>\n<td>A crian\u00e7a mora 15 dias com um, 15 com outro (f\u00edsica).<\/td>\n<td>Psiquiatricamente controversa. Pode gerar confus\u00e3o de refer\u00eancia de lar (&#8220;crian\u00e7a de mochila&#8221;) se n\u00e3o houver rotina muito bem estruturada.<\/td>\n<\/tr>\n<\/tbody>\n<\/table>\n<\/figure>\n<h2>Falsas Acusa\u00e7\u00f5es de Abuso Sexual (A S\u00edndrome da Falsa Mem\u00f3ria)<\/h2>\n<p>Este \u00e9 o terreno mais pantanoso da psiquiatria forense. Estima-se que em processos de div\u00f3rcio altamente litigiosos, uma parcela significativa das den\u00fancias de abuso sexual seja infundada (falsas mem\u00f3rias implantadas ou interpreta\u00e7\u00e3o delirante).<\/p>\n<p>O perito deve diferenciar:<\/p>\n<ol>\n<li><strong>Abuso Real:<\/strong> Sinais de trauma, comportamento sexualizado precoce, coer\u00eancia no relato.<\/li>\n<li><strong>Falsa Acusa\u00e7\u00e3o (Dolo):<\/strong> O genitor inventa a hist\u00f3ria para afastar o outro e ganhar a guarda.<\/li>\n<li><strong>Falsa Acusa\u00e7\u00e3o (Patol\u00f3gica):<\/strong> O genitor tem um transtorno delirante e realmente <em>acredita<\/em> que o abuso ocorreu, mesmo sem provas.<\/li>\n<\/ol>\n<p><strong>Information Gain:<\/strong> Em nossa pr\u00e1tica, observamos que o &#8220;Depoimento Especial&#8221; (escuta protegida da crian\u00e7a) \u00e9 fundamental, mas o laudo m\u00e9dico foca na <em>estrutura de personalidade dos pais<\/em>. Um pai ped\u00f3filo geralmente tem perfil diferente de um pai falsamente acusado. Testes projetivos e avalia\u00e7\u00e3o de periculosidade s\u00e3o essenciais aqui.<\/p>\n<h2>Como \u00e9 feita a Per\u00edcia na Crian\u00e7a?<\/h2>\n<p>Muitos pais temem que a crian\u00e7a seja &#8220;interrogada&#8221;. N\u00e3o \u00e9 assim que funciona. A abordagem depende da idade:<\/p>\n<h3>Crian\u00e7as Pequenas (Ludoterapia)<\/h3>\n<p>O perito observa a crian\u00e7a brincando. O brincar \u00e9 a fala da crian\u00e7a.<\/p>\n<p>Exemplo: Pede-se para a crian\u00e7a desenhar a fam\u00edlia. Se ela desenha o pai sem m\u00e3os ou muito pequeno, ou se risca a m\u00e3e do desenho, isso sinaliza a din\u00e2mica inconsciente dos afetos.<\/p>\n<h3>Adolescentes<\/h3>\n<p>Entrevista mais direta, mas com cuidado para n\u00e3o validar a aliena\u00e7\u00e3o. O perito investiga a rotina, a escola e os sentimentos, buscando contradi\u00e7\u00f5es entre o discurso (&#8220;odeio meu pai&#8221;) e a realidade vivida (&#8220;mas foi legal a viagem com ele&#8221;).<\/p>\n<h2>Transtornos Mentais dos Pais: Quando impedem a conviv\u00eancia?<\/h2>\n<p>Ter um diagn\u00f3stico psiqui\u00e1trico <strong>N\u00c3O<\/strong> impede automaticamente a guarda ou visitas. O que importa \u00e9 a <strong>funcionalidade<\/strong>.<\/p>\n<ul>\n<li><strong>Esquizofrenia:<\/strong> Se tratada e estabilizada, o pai pode conviver. Se estiver em surto, as visitas podem ser suspensas ou assistidas (supervisionadas por terceiros).<\/li>\n<li><strong>Depend\u00eancia Qu\u00edmica:<\/strong> O uso recreativo eventual \u00e9 diferente da depend\u00eancia grave que gera neglig\u00eancia. A per\u00edcia pode solicitar exames toxicol\u00f3gicos (queratina\/cabelo) para provar a abstin\u00eancia.<\/li>\n<li><strong>Transtorno de Personalidade Borderline:<\/strong> Pais inst\u00e1veis emocionalmente podem gerar inseguran\u00e7a na crian\u00e7a. A per\u00edcia pode sugerir que a guarda seja do outro genitor, mantendo visitas frequentes, por\u00e9m regradas.<\/li>\n<\/ul>\n<h2>O Papel Estrat\u00e9gico do Assistente T\u00e9cnico na Fam\u00edlia<\/h2>\n<p>Em processos de fam\u00edlia, a emo\u00e7\u00e3o turva a raz\u00e3o. O advogado cuida da lei, mas quem traduz a din\u00e2mica familiar patol\u00f3gica para o juiz \u00e9 o m\u00e9dico. Contratar um <strong>Assistente T\u00e9cnico<\/strong> \u00e9 vital para:<\/p>\n<ol>\n<li><strong>Acompanhar as entrevistas:<\/strong> Garantir que o perito oficial n\u00e3o fa\u00e7a perguntas indutivas \u00e0 crian\u00e7a ou aos pais.<\/li>\n<li><strong>Analisar a Metodologia:<\/strong> O perito usou testes validados? Ou apenas &#8220;achou&#8221; que a m\u00e3e \u00e9 louca?<\/li>\n<li><strong>Proteger a Crian\u00e7a:<\/strong> Evitar que a per\u00edcia se torne uma nova viol\u00eancia (revitimiza\u00e7\u00e3o).<\/li>\n<\/ol>\n<hr \/>\n<h2>Perguntas Frequentes (FAQ)<\/h2>\n<h3>1. Tenho depress\u00e3o e tomo rem\u00e9dios. Posso perder a guarda do meu filho?<\/h3>\n<p>Geralmente, n\u00e3o. Depress\u00e3o tratada n\u00e3o incapacita para a parentalidade. O risco de perda de guarda existe apenas em casos de depress\u00e3o grave refrat\u00e1ria com risco de suic\u00eddio estendido (filic\u00eddio) ou neglig\u00eancia severa dos cuidados b\u00e1sicos da crian\u00e7a.<\/p>\n<h3>2. O que \u00e9 &#8220;Visita Assistida&#8221; ou Supervisionada?<\/h3>\n<p>\u00c9 quando o juiz permite que o pai\/m\u00e3e veja o filho, mas apenas na presen\u00e7a de uma terceira pessoa de confian\u00e7a (av\u00f3, tio) ou em um ambiente institucional (CEJUSC), para garantir a seguran\u00e7a f\u00edsica e emocional da crian\u00e7a.<\/p>\n<h3>3. A crian\u00e7a pode escolher com quem quer morar?<\/h3>\n<p>A &#8220;vontade&#8221; da crian\u00e7a \u00e9 ouvida, mas n\u00e3o \u00e9 absoluta. O juiz considera a maturidade. Uma crian\u00e7a de 12 anos alienada pode &#8220;querer&#8221; morar com o alienador, mas o &#8220;melhor interesse&#8221; dela pode ser manter o v\u00ednculo com o alienado. A per\u00edcia serve justamente para filtrar se essa vontade \u00e9 genu\u00edna ou implantada.<\/p>\n<h3>4. Como provar Aliena\u00e7\u00e3o Parental na per\u00edcia?<\/h3>\n<p>N\u00e3o existe um &#8220;exame de sangue&#8221; para isso. Prova-se atrav\u00e9s da an\u00e1lise do padr\u00e3o de comportamento: repeti\u00e7\u00e3o de discurso, aus\u00eancia de motivos reais para a rejei\u00e7\u00e3o, e a postura do genitor alienador (dificultar visitas, n\u00e3o passar liga\u00e7\u00f5es, falar mal do ex).<\/p>\n<h3>5. O perito pode ouvir a escola e a bab\u00e1?<\/h3>\n<p>Sim. O perito tem liberdade para ouvir colaterais. Professores e cuidadores muitas vezes d\u00e3o informa\u00e7\u00f5es mais isentas do que os familiares envolvidos na briga.<\/p>\n<hr \/>\n<h2>Refer\u00eancias Bibliogr\u00e1ficas<\/h2>\n<ul>\n<li>BRASIL. Lei n\u00ba 12.318, de 26 de agosto de 2010. Disp\u00f5e sobre a aliena\u00e7\u00e3o parental. Di\u00e1rio Oficial da Uni\u00e3o, Bras\u00edlia, 27 ago. 2010.<\/li>\n<li>GARDNER, R. A. The Parental Alienation Syndrome. 2. ed. Cresskill: Creative Therapeutics, 1998.<\/li>\n<li>ROVINSKI, S. L. R. Dano ps\u00edquico em mulheres v\u00edtimas de viol\u00eancia. In: Psiquiatria Forense. Porto Alegre: Artmed, 2016.<\/li>\n<li>APA. American Psychiatric Association. Guidelines for Child Custody Evaluations in Family Law Proceedings. American Journal of Psychiatry, 2010.<\/li>\n<li>SHINE, S. A Espada de Salom\u00e3o: A Psicologia e a Disputa de Guarda de Filhos. S\u00e3o Paulo: Saraiva, 2013.<\/li>\n<\/ul>\n","protected":false},"excerpt":{"rendered":"<p>A Per\u00edcia Psiqui\u00e1trica na Vara de Fam\u00edlia \u00e9 o procedimento  [&#8230;]<\/p>\n","protected":false},"author":6,"featured_media":15051,"comment_status":"open","ping_status":"open","sticky":false,"template":"","format":"standard","meta":{"footnotes":""},"categories":[340],"tags":[361,364,363,362],"class_list":["post-1006","post","type-post","status-publish","format-standard","has-post-thumbnail","hentry","category-psiquiatria-forense-e-pericias-medicas","tag-alienacao-parental","tag-avaliacao-psicologica-familiar","tag-guarda-unilateral","tag-sap"],"_links":{"self":[{"href":"https:\/\/med-br.com\/psiquiatra-brasilia\/wp-json\/wp\/v2\/posts\/1006","targetHints":{"allow":["GET"]}}],"collection":[{"href":"https:\/\/med-br.com\/psiquiatra-brasilia\/wp-json\/wp\/v2\/posts"}],"about":[{"href":"https:\/\/med-br.com\/psiquiatra-brasilia\/wp-json\/wp\/v2\/types\/post"}],"author":[{"embeddable":true,"href":"https:\/\/med-br.com\/psiquiatra-brasilia\/wp-json\/wp\/v2\/users\/6"}],"replies":[{"embeddable":true,"href":"https:\/\/med-br.com\/psiquiatra-brasilia\/wp-json\/wp\/v2\/comments?post=1006"}],"version-history":[{"count":3,"href":"https:\/\/med-br.com\/psiquiatra-brasilia\/wp-json\/wp\/v2\/posts\/1006\/revisions"}],"predecessor-version":[{"id":15084,"href":"https:\/\/med-br.com\/psiquiatra-brasilia\/wp-json\/wp\/v2\/posts\/1006\/revisions\/15084"}],"wp:featuredmedia":[{"embeddable":true,"href":"https:\/\/med-br.com\/psiquiatra-brasilia\/wp-json\/wp\/v2\/media\/15051"}],"wp:attachment":[{"href":"https:\/\/med-br.com\/psiquiatra-brasilia\/wp-json\/wp\/v2\/media?parent=1006"}],"wp:term":[{"taxonomy":"category","embeddable":true,"href":"https:\/\/med-br.com\/psiquiatra-brasilia\/wp-json\/wp\/v2\/categories?post=1006"},{"taxonomy":"post_tag","embeddable":true,"href":"https:\/\/med-br.com\/psiquiatra-brasilia\/wp-json\/wp\/v2\/tags?post=1006"}],"curies":[{"name":"wp","href":"https:\/\/api.w.org\/{rel}","templated":true}]}}